{"id":124113,"date":"2022-01-25T00:00:30","date_gmt":"2022-01-25T00:00:30","guid":{"rendered":"https:\/\/www.portalminero.com\/wp\/en-webinar-de-la-camara-minera-de-chile-cuestionan-el-caracter-estrategico-del-litio\/"},"modified":"2022-01-25T12:40:57","modified_gmt":"2022-01-25T12:40:57","slug":"en-webinar-de-la-camara-minera-de-chile-cuestionan-el-caracter-estrategico-del-litio","status":"publish","type":"post","link":"http:\/\/200.6.115.193\/wp\/en-webinar-de-la-camara-minera-de-chile-cuestionan-el-caracter-estrategico-del-litio\/","title":{"rendered":"En webinar de la C\u00e1mara Minera de Chile cuestionan el \u00abcar\u00e1cter estrat\u00e9gico\u201d del litio"},"content":{"rendered":"<h6><em>Chile<\/em><\/h6>\n<p><b>Manuel Viera, presidente de la organizaci\u00f3n gremial, dijo que, \u00abes el momento adecuado para que, a trav\u00e9s de una pol\u00edtica inteligente, el litio se pueda industrializar\u201d.<\/b><\/p>\n<p><img decoding=\"async\" class=\"imagen-noticia\" src=\"data:image\/gif;base64,R0lGODlhAQABAIAAAAAAAP\/\/\/yH5BAEAAAAALAAAAAABAAEAAAIBRAA7\" data-src=\"https:\/\/pm.portalminero.com\/images\/noticias\/61efe25a7ba50.jpg\" alt=\"En webinar de la C\u00e1mara Minera de Chile cuestionan el car\u00e1cter estrat\u00e9gico\u201d del litio\" \/><noscript><img decoding=\"async\" class=\"imagen-noticia\" src=\"https:\/\/pm.portalminero.com\/images\/noticias\/61efe25a7ba50.jpg\" alt=\"En webinar de la C\u00e1mara Minera de Chile cuestionan el car\u00e1cter estrat\u00e9gico\u201d del litio\" \/><\/noscript><\/p>\n<div class=\"texto_prensa\" align=\"justify\"><strong>martes 25 de enero del 2022.-<\/strong>\u00a0La C\u00e1mara Minera de Chile realiz\u00f3 un webinar sobre el litio, donde se inform\u00f3 sobre los recursos y las aplicaciones que este mineral tiene, adem\u00e1s de su car\u00e1cter de no concesible.<br \/>\nLa bienvenida estuvo a cargo del presidente de la C\u00e1mara Minera de Chile, Manuel Viera, quien se\u00f1al\u00f3 que: hay que preguntarse, \u00ab\u00bfpor qu\u00e9 Chile a\u00fan mantiene el litio como un mineral estrat\u00e9gico, lo que influye en el desarrollo de esta gran industria, que es de gran importancia para la electromovilidad y para las energ\u00edas verdes? Otra pregunta que nos podemos hacer es \u00bb \u00bfpor qu\u00e9 Chile se ha demorado tanto en desarrollar la industria del litio, teniendo tantas ventajas competitivas respecto a otros pa\u00edses?\u201d, indic\u00f3.En la ocasi\u00f3n, la ingeniera civil qu\u00edmica, Nancy Parada, adem\u00e1s de dar a conocer las caracter\u00edsticas t\u00e9cnicas del litio, la forma de explotaci\u00f3n y producci\u00f3n se refiri\u00f3 al proceso de la producci\u00f3n de litio.<br \/>\nLos principales yacimientos de minerales pegmal\u00edticos est\u00e1n en Estados Unidos, Australia, Canad\u00e1 y Zimbabwe (\u00c1frica). \u00abEn los dep\u00f3sitos de salmueras, el litio se encuentra normalmente como cloruro de litio en salares, lagos salinos, campos petrol\u00edferos y fuentes geotermales. Los salares que est\u00e1n en producci\u00f3n son el Salar de Atacama en Chile; Silver Peak en Estados Unidos; Salar de Hombre Muerto y Olaroz en Argentina y hay m\u00e1s de 8 en desarrollo. Entre ellos, Qinghai y T\u00edbet en China\u201d, explic\u00f3 la profesional.<br \/>\nParada dijo que los recursos de litio a nivel mundial ascienden a 68 millones de toneladas, en tanto las reservas suman 45 millones de toneladas. Chile alrededor del 52% las reservas mundiales de litio.<\/p>\n<p>Nancy Parada, tambi\u00e9n se refiri\u00f3 a los procesos de producci\u00f3n, destacando la cristalizaci\u00f3n fraccionada y la extracci\u00f3n directa.<br \/>\nFinalmente, la profesional y socia de la C\u00e1mara Minera de Chile precis\u00f3 que, por el retraso de los nuevos proyectos, producto de la pandemia y el aumento de la demanda de chips y bater\u00edas de litio, se ha provocado un alza en los precios. \u00abEn agosto de 2021, los precios al contado de LCE subieron un 170% (precio Spot) en China y no ha habido diferencia con el hidr\u00f3xido de litio\u201d, afirm\u00f3.<\/p>\n<p><strong>ASPECTOS JUR\u00cdDICOS<\/strong><\/p>\n<p>Posteriormente, el abogado con gran experiencia en compa\u00f1\u00edas de recursos naturales, Daniel Weinstein, se refiri\u00f3 a los aspectos jur\u00eddicos de este mineral.<br \/>\nAl respecto, Weinstein se pregunt\u00f3 si el litio merece mantener la calidad de estrat\u00e9gico, sabiendo que esto no tuvo nada que ver con las aplicaciones de la demanda actual, por cuanto en su momento tuvo importancia para el uso militar. \u00abQue sea un recurso estrat\u00e9gico implica que es un mineral no concesible, es decir, que s\u00f3lo puede ser explotado por el Estado\u201d, asever\u00f3.<\/p>\n<p>Agreg\u00f3 que le llama la atenci\u00f3n que cuando se habla de nacionalizar los minerales, s\u00f3lo se refieren al cobre y al litio, cuando existen otros, que pueden ser tanto o m\u00e1s importantes que los dos mencionados, como el oro o la plata.<\/p>\n<p>Adem\u00e1s, se\u00f1al\u00f3 que no cree que el litio vaya a pasar a un r\u00e9gimen com\u00fan de minerales. \u00abHay quienes plantean crear una Empresa Nacional del Litio, lo que traer\u00eda un problema, porque hoy en d\u00eda hay empresas que ya tienen concesiones y contratos otorgados y la \u00fanica forma de revertir eso, ser\u00eda expropi\u00e1ndoles a precio justo, lo que en la actualidad -con las reservas de litio- ser\u00eda a un precio muy elevado. Quiz\u00e1s, m\u00e1s complicado que pagar el precio justo ser\u00eda el precio que pagar\u00eda Chile por su reputaci\u00f3n\u201d.<\/p>\n<p>Weinstein agreg\u00f3 que, \u00abhoy un pa\u00eds que expropie las minas es un factor decisivo para el sector minero y para otros tambi\u00e9n. Es algo que pone en peligro el prestigio de Chile\u201d.<br \/>\nFinalmente, Manuel Viera dijo que, en el caso del litio es el momento adecuado para que, a trav\u00e9s de una pol\u00edtica inteligente se pueda industrializar. \u00abSi bien es cierto, el litio equivale al 0,3% del PIB, pero, si juntamos el mundo extractivo con el manufacturero, Chile podr\u00eda dar un gran paso\u201d, concluy\u00f3.<\/p>\n<\/div>\n<hr \/>\n","protected":false},"excerpt":{"rendered":"<p><span class='published'>Chile | 2022-01-25<\/span><\/p>\n<p>Manuel Viera, presidente de la organizaci\u00f3n gremial, dijo que, es el momento adecuado para que, a trav\u00e9s de una pol\u00edtica inteligente, el litio se pueda industrializar\u201d.<\/p>\n","protected":false},"author":7,"featured_media":124114,"comment_status":"open","ping_status":"open","sticky":false,"template":"","format":"standard","meta":{"footnotes":""},"categories":[65],"tags":[],"class_list":["post-124113","post","type-post","status-publish","format-standard","has-post-thumbnail","hentry","category-noticias-principal"],"_links":{"self":[{"href":"http:\/\/200.6.115.193\/wp\/wp-json\/wp\/v2\/posts\/124113","targetHints":{"allow":["GET"]}}],"collection":[{"href":"http:\/\/200.6.115.193\/wp\/wp-json\/wp\/v2\/posts"}],"about":[{"href":"http:\/\/200.6.115.193\/wp\/wp-json\/wp\/v2\/types\/post"}],"author":[{"embeddable":true,"href":"http:\/\/200.6.115.193\/wp\/wp-json\/wp\/v2\/users\/7"}],"replies":[{"embeddable":true,"href":"http:\/\/200.6.115.193\/wp\/wp-json\/wp\/v2\/comments?post=124113"}],"version-history":[{"count":3,"href":"http:\/\/200.6.115.193\/wp\/wp-json\/wp\/v2\/posts\/124113\/revisions"}],"predecessor-version":[{"id":124128,"href":"http:\/\/200.6.115.193\/wp\/wp-json\/wp\/v2\/posts\/124113\/revisions\/124128"}],"wp:featuredmedia":[{"embeddable":true,"href":"http:\/\/200.6.115.193\/wp\/wp-json\/wp\/v2\/media\/124114"}],"wp:attachment":[{"href":"http:\/\/200.6.115.193\/wp\/wp-json\/wp\/v2\/media?parent=124113"}],"wp:term":[{"taxonomy":"category","embeddable":true,"href":"http:\/\/200.6.115.193\/wp\/wp-json\/wp\/v2\/categories?post=124113"},{"taxonomy":"post_tag","embeddable":true,"href":"http:\/\/200.6.115.193\/wp\/wp-json\/wp\/v2\/tags?post=124113"}],"curies":[{"name":"wp","href":"https:\/\/api.w.org\/{rel}","templated":true}]}}