{"id":124256,"date":"2022-01-27T00:00:00","date_gmt":"2022-01-27T00:00:00","guid":{"rendered":"https:\/\/www.portalminero.com\/wp\/unidad-regional-para-la-descentralizacion-y-mineria-virtuosa\/"},"modified":"2022-01-27T00:00:00","modified_gmt":"2022-01-27T00:00:00","slug":"unidad-regional-para-la-descentralizacion-y-mineria-virtuosa","status":"publish","type":"post","link":"http:\/\/200.6.115.193\/wp\/unidad-regional-para-la-descentralizacion-y-mineria-virtuosa\/","title":{"rendered":"Unidad Regional para la Descentralizaci\u00f3n y Miner\u00eda Virtuosa"},"content":{"rendered":"<h4><b>Marko Razmilic, Presidente Asociaci\u00f3n de Industriales de Antofagasta<\/b><\/h4>\n<p><img decoding=\"async\" class=\"imagen-columna\" src=\"data:image\/gif;base64,R0lGODlhAQABAIAAAAAAAP\/\/\/yH5BAEAAAAALAAAAAABAAEAAAIBRAA7\" data-src=\"https:\/\/www.portalminero.com\/wp\/wp-content\/uploads\/subidos\/columnas\/846_61f2a86fdabd9.jpg\" alt=\"Marko Razmilic, Presidente Asociaci\u00f3n de Industriales de Antofagasta\" \/><noscript><img decoding=\"async\" class=\"imagen-columna\" src=\"https:\/\/www.portalminero.com\/wp\/wp-content\/uploads\/subidos\/columnas\/846_61f2a86fdabd9.jpg\" alt=\"Marko Razmilic, Presidente Asociaci\u00f3n de Industriales de Antofagasta\" \/><\/noscript><\/p>\n<div class=\"texto_prensa\">\n<p>Un proceso de desarrollo regional genuino y sustentable requiere que los actores regionales, con nuestros acuerdos y decisiones, vayamos construyendo los desaf&iacute;os de nuestro presente y futuro econ&oacute;mico, social, ambiental, cultural, tecnol&oacute;gico.<\/p>\n<p>Las regiones sabemos, por experiencia hist\u00f3rica, que los avances y el poder regional se conquistan con proyectos potentes y movilizadores. Sabemos que no es f\u00e1cil. La \u00faltima y dura conquista fue la nueva autoridad Gobernador Regional y su elecci\u00f3n directa.<\/p>\n<p>El di\u00e1logo y la construcci\u00f3n de consensos en la regi\u00f3n es un pilar fundamental para que nuestro proceso de desarrollo siga avanzando.<br \/>\nEn el escenario actual, donde estamos pr\u00f3ximos al inicio de una agenda transformadora encabezada por el nuevo gobierno electo y, en paralelo se est\u00e1 discutiendo y definiendo lo que ser\u00e1 la nueva constituci\u00f3n, la casa de todos, es clave la unidad regional para lograr que se escuchen y se incorporen nuestras demandas prioritarias en estas agendas.<\/p>\n<p>Nuestra regi\u00f3n de Antofagasta, durante d\u00e9cadas, ha construido un di\u00e1logo y confianza transversal entre sus distintos actores del \u00e1mbito p\u00fablico, universitario, empresarial, social y cultural. Este es un capital muy valioso que no todas las regiones tienen y que nosotros debemos mantener y profundizar.\u00a0\u00a0<\/p>\n<p>En esta estrat\u00e9gica coyuntura pol\u00edtica, donde se ha producido polarizaci\u00f3n en las ideas, es fundamental hacer un esfuerzo especial para aprovechar este capital de confianza y transversalidad para mantenernos unidos en torno a demandas ampliamente compartidas por nuestra comunidad tales como la Descentralizaci\u00f3n y una Miner\u00eda Virtuosa.<\/p>\n<p>Somos regionalistas. Hemos avanzado en descentralizaci\u00f3n, pero claramente falta much\u00edsimo por avanzar. Para resumirlo en tres tareas prioritarias y muy concretas:<br \/>\na) Traspaso de nuevas competencias al Gobernador Regional.<br \/>\nb) Nuevos y mayores recursos al gobierno regional.<br \/>\nc) Descentralizaci\u00f3n regional de bienes nacionales.<\/p>\n<p>Todos so\u00f1amos con un desarrollo minero virtuoso. Todos sabemos que hemos avanzado mucho (energ\u00eda, puertos, desalaci\u00f3n, proveedores, hoteler\u00eda, servicios especializados, etc.), pero al mismo tiempo sabemos que nos queda mucho por avanzar en calidad de educaci\u00f3n y salud, desarrollo tecnol\u00f3gico, proveedores regionales intensivos en conocimiento, mano de obra local 4.0, calidad de vida. Debemos liderar el c\u00edrculo virtuoso entre miner\u00eda, energ\u00eda y cambio clim\u00e1tico.<\/p>\n<p>Valoramos las palabras del Presidente electo, Gabriel Boric, en Enade, cuando dice que la alianza p\u00fablico privada ser\u00e1 fundamental para enfrentar los grandes desaf\u00edos nacionales. A nivel regional, debemos consolidar nuestra unidad y consenso regional estrat\u00e9gico para conquistar mayor descentralizaci\u00f3n y m\u00e1s y mejor miner\u00eda.\n<\/p>\n<\/div>\n<p>jueves 27 de enero del 2022<\/p>\n<hr>\n<p>Marko Razmilic, Presidente Asociaci\u00f3n de Industriales de Antofagasta<\/p>\n","protected":false},"excerpt":{"rendered":"<p>Marko Razmilic, Presidente Asociaci\u00f3n de Industriales de Antofagasta<\/p>\n","protected":false},"author":5,"featured_media":124257,"comment_status":"open","ping_status":"open","sticky":false,"template":"","format":"standard","meta":{"footnotes":""},"categories":[13],"tags":[],"class_list":["post-124256","post","type-post","status-publish","format-standard","has-post-thumbnail","hentry","category-columna-de-opinion"],"_links":{"self":[{"href":"http:\/\/200.6.115.193\/wp\/wp-json\/wp\/v2\/posts\/124256","targetHints":{"allow":["GET"]}}],"collection":[{"href":"http:\/\/200.6.115.193\/wp\/wp-json\/wp\/v2\/posts"}],"about":[{"href":"http:\/\/200.6.115.193\/wp\/wp-json\/wp\/v2\/types\/post"}],"author":[{"embeddable":true,"href":"http:\/\/200.6.115.193\/wp\/wp-json\/wp\/v2\/users\/5"}],"replies":[{"embeddable":true,"href":"http:\/\/200.6.115.193\/wp\/wp-json\/wp\/v2\/comments?post=124256"}],"version-history":[{"count":0,"href":"http:\/\/200.6.115.193\/wp\/wp-json\/wp\/v2\/posts\/124256\/revisions"}],"wp:featuredmedia":[{"embeddable":true,"href":"http:\/\/200.6.115.193\/wp\/wp-json\/wp\/v2\/media\/124257"}],"wp:attachment":[{"href":"http:\/\/200.6.115.193\/wp\/wp-json\/wp\/v2\/media?parent=124256"}],"wp:term":[{"taxonomy":"category","embeddable":true,"href":"http:\/\/200.6.115.193\/wp\/wp-json\/wp\/v2\/categories?post=124256"},{"taxonomy":"post_tag","embeddable":true,"href":"http:\/\/200.6.115.193\/wp\/wp-json\/wp\/v2\/tags?post=124256"}],"curies":[{"name":"wp","href":"https:\/\/api.w.org\/{rel}","templated":true}]}}