{"id":124370,"date":"2022-02-01T00:00:30","date_gmt":"2022-02-01T00:00:30","guid":{"rendered":"https:\/\/www.portalminero.com\/wp\/actividad-economica-crecio-un-101-en-diciembre\/"},"modified":"2022-02-01T12:03:59","modified_gmt":"2022-02-01T12:03:59","slug":"actividad-economica-crecio-un-101-en-diciembre","status":"publish","type":"post","link":"http:\/\/200.6.115.193\/wp\/actividad-economica-crecio-un-101-en-diciembre\/","title":{"rendered":"Actividad econ\u00f3mica  creci\u00f3 un 10,1 % en diciembre"},"content":{"rendered":"<h6><em>Chile<\/em><\/h6>\n<p><b>La serie desestacionalizada cay\u00f3 un 0,4 por ciento debido principalmente al desempe\u00f1o de la miner\u00eda, inform\u00f3 el Banco Central.<\/b><\/p>\n<p><img decoding=\"async\" class=\"imagen-noticia\" src=\"data:image\/gif;base64,R0lGODlhAQABAIAAAAAAAP\/\/\/yH5BAEAAAAALAAAAAABAAEAAAIBRAA7\" data-src=\"https:\/\/pm.portalminero.com\/images\/noticias\/61f920ae37c0f.jpg\" alt=\"Actividad econ\u00f3mica creci\u00f3 un 10,1 % en diciembre\" \/><noscript><img decoding=\"async\" class=\"imagen-noticia\" src=\"https:\/\/pm.portalminero.com\/images\/noticias\/61f920ae37c0f.jpg\" alt=\"Actividad econ\u00f3mica creci\u00f3 un 10,1 % en diciembre\" \/><\/noscript><\/p>\n<div class=\"texto_prensa\" align=\"justify\"><strong>martes 01 de febrero del 2022.-<\/strong>\u00a0El instituto emisor dio a conocer el IMACEC de diciembre del 2021, el que se ajust\u00f3 a las proyecciones del mercado.<br \/>\nDe acuerdo con la informaci\u00f3n preliminar, la actividad econ\u00f3mica de diciembre de 2021 creci\u00f3 10,1% en comparaci\u00f3n con igual mes del a\u00f1o anterior. La serie desestacionalizada cay\u00f3 0,4% respecto del mes precedente y aument\u00f3 10,2% en doce meses. El mes registr\u00f3 un d\u00eda h\u00e1bil m\u00e1s que diciembre de 2020.<\/p>\n<p>Todos los componentes del Imacec crecieron respecto al mismo periodo del a\u00f1o anterior, destacando la contribuci\u00f3n de las actividades de servicios y, en menor medida, del comercio. Este resultado se explic\u00f3, en parte, por la mayor apertura de la econom\u00eda, las medidas de apoyo a los hogares y los retiros parciales de los fondos previsionales.<\/p>\n<p>Por su parte, la ca\u00edda del Imacec desestacionalizado fue explicada por el desempe\u00f1o de la miner\u00eda, efecto que fue parcialmente compensado por el aumento de los servicios.<\/p>\n<\/div>\n<hr \/>\n","protected":false},"excerpt":{"rendered":"<p><span class='published'>Chile | 2022-02-01<\/span><\/p>\n<p>La serie desestacionalizada cay\u00f3 un 0,4 por ciento debido principalmente al desempe\u00f1o de la miner\u00eda, inform\u00f3 el Banco Central.<\/p>\n","protected":false},"author":7,"featured_media":124371,"comment_status":"open","ping_status":"open","sticky":false,"template":"","format":"standard","meta":{"footnotes":""},"categories":[65],"tags":[],"class_list":["post-124370","post","type-post","status-publish","format-standard","has-post-thumbnail","hentry","category-noticias-principal"],"_links":{"self":[{"href":"http:\/\/200.6.115.193\/wp\/wp-json\/wp\/v2\/posts\/124370","targetHints":{"allow":["GET"]}}],"collection":[{"href":"http:\/\/200.6.115.193\/wp\/wp-json\/wp\/v2\/posts"}],"about":[{"href":"http:\/\/200.6.115.193\/wp\/wp-json\/wp\/v2\/types\/post"}],"author":[{"embeddable":true,"href":"http:\/\/200.6.115.193\/wp\/wp-json\/wp\/v2\/users\/7"}],"replies":[{"embeddable":true,"href":"http:\/\/200.6.115.193\/wp\/wp-json\/wp\/v2\/comments?post=124370"}],"version-history":[{"count":1,"href":"http:\/\/200.6.115.193\/wp\/wp-json\/wp\/v2\/posts\/124370\/revisions"}],"predecessor-version":[{"id":124372,"href":"http:\/\/200.6.115.193\/wp\/wp-json\/wp\/v2\/posts\/124370\/revisions\/124372"}],"wp:featuredmedia":[{"embeddable":true,"href":"http:\/\/200.6.115.193\/wp\/wp-json\/wp\/v2\/media\/124371"}],"wp:attachment":[{"href":"http:\/\/200.6.115.193\/wp\/wp-json\/wp\/v2\/media?parent=124370"}],"wp:term":[{"taxonomy":"category","embeddable":true,"href":"http:\/\/200.6.115.193\/wp\/wp-json\/wp\/v2\/categories?post=124370"},{"taxonomy":"post_tag","embeddable":true,"href":"http:\/\/200.6.115.193\/wp\/wp-json\/wp\/v2\/tags?post=124370"}],"curies":[{"name":"wp","href":"https:\/\/api.w.org\/{rel}","templated":true}]}}