{"id":126468,"date":"2022-03-18T00:00:00","date_gmt":"2022-03-18T00:00:00","guid":{"rendered":"https:\/\/www.portalminero.com\/wp\/lumina-copper-entrego-ampliacion-de-sede-social-a-vecinos-de-tierra-amarilla\/"},"modified":"2022-03-18T14:30:11","modified_gmt":"2022-03-18T14:30:11","slug":"lumina-copper-entrego-ampliacion-de-sede-social-a-vecinos-de-tierra-amarilla","status":"publish","type":"post","link":"http:\/\/200.6.115.193\/wp\/lumina-copper-entrego-ampliacion-de-sede-social-a-vecinos-de-tierra-amarilla\/","title":{"rendered":"Lumina Copper entreg\u00f3 ampliaci\u00f3n de sede social a vecinos de Tierra amarilla"},"content":{"rendered":"<h6><b>Chile<\/b><\/h6>\n<p>Los socios de la Junta de Vecinos Uni\u00f3n La Calera agradecieron la colaboraci\u00f3n de la minera, ya que les permitir\u00e1 realizar en mejor forma sus actividades.<\/p>\n<p><img decoding=\"async\" class=\"imagen-noticia\" src=\"data:image\/gif;base64,R0lGODlhAQABAIAAAAAAAP\/\/\/yH5BAEAAAAALAAAAAABAAEAAAIBRAA7\" data-src=\"https:\/\/www.portalminero.com\/wp\/wp-content\/uploads\/subidos\/notasprensa\/14377_623493edb4799.JPG\" alt=\"Lumina Copper entreg\u00f3 ampliaci\u00f3n de sede social a vecinos de Tierra amarilla\" \/><noscript><img decoding=\"async\" class=\"imagen-noticia\" src=\"https:\/\/www.portalminero.com\/wp\/wp-content\/uploads\/subidos\/notasprensa\/14377_623493edb4799.JPG\" alt=\"Lumina Copper entreg\u00f3 ampliaci\u00f3n de sede social a vecinos de Tierra amarilla\" \/><\/noscript><\/p>\n<div class=\"texto_prensa\" align=\"justify\"><strong>viernes 18 de marzo del 2022.-<\/strong>\u00a0Contentos y agradecidos se mostraron las socias y socios de la junta de vecinos Uni\u00f3n La Calera de Tierra Amarilla, tras recibir las obras de ampliaci\u00f3n de su sede social que fueron realizadas por Caserones de Minera Lumina Copper Chile.<\/p>\n<p>Lila Campos, presidenta de la junta de vecinos, se mostr\u00f3 feliz con los trabajos de remodelaci\u00f3n de la cocina y bodega, indicando que \u00abeste proyecto permiti\u00f3 ampliar la sede social que lo necesitaba hace tiempo y, de esta forma junto a las vecinas y vecinos podremos hacer m\u00e1s actividades que ayuden a nuestra comunidad\u201d.<\/p>\n<p>La inversi\u00f3n efectuada por la compa\u00f1\u00eda mejora las condiciones de quienes usan este lugar y que residen en este sector urbano de la comuna. \u00abLas juntas de vecinos, sus dirigentes y en especial las mujeres, han desarrollado un rol importante en lo que ha sido la lucha contra la pandemia, por lo que esta iniciativa va en la l\u00ednea de apoyar las acciones que realizan de manera permanente en favor de sus familias\u201d, afirm\u00f3 Minera Lumina Copper Chile.<\/p><\/div>\n<hr \/>\n","protected":false},"excerpt":{"rendered":"<p>Los socios de la Junta de Vecinos Uni\u00f3n La Calera agradecieron la colaboraci\u00f3n de la minera, ya que les permitir\u00e1 realizar en mejor forma sus actividades.<\/p>\n","protected":false},"author":7,"featured_media":126469,"comment_status":"open","ping_status":"open","sticky":false,"template":"","format":"standard","meta":{"footnotes":""},"categories":[60],"tags":[],"class_list":["post-126468","post","type-post","status-publish","format-standard","has-post-thumbnail","hentry","category-notas-de-prensa"],"_links":{"self":[{"href":"http:\/\/200.6.115.193\/wp\/wp-json\/wp\/v2\/posts\/126468","targetHints":{"allow":["GET"]}}],"collection":[{"href":"http:\/\/200.6.115.193\/wp\/wp-json\/wp\/v2\/posts"}],"about":[{"href":"http:\/\/200.6.115.193\/wp\/wp-json\/wp\/v2\/types\/post"}],"author":[{"embeddable":true,"href":"http:\/\/200.6.115.193\/wp\/wp-json\/wp\/v2\/users\/7"}],"replies":[{"embeddable":true,"href":"http:\/\/200.6.115.193\/wp\/wp-json\/wp\/v2\/comments?post=126468"}],"version-history":[{"count":2,"href":"http:\/\/200.6.115.193\/wp\/wp-json\/wp\/v2\/posts\/126468\/revisions"}],"predecessor-version":[{"id":126471,"href":"http:\/\/200.6.115.193\/wp\/wp-json\/wp\/v2\/posts\/126468\/revisions\/126471"}],"wp:featuredmedia":[{"embeddable":true,"href":"http:\/\/200.6.115.193\/wp\/wp-json\/wp\/v2\/media\/126469"}],"wp:attachment":[{"href":"http:\/\/200.6.115.193\/wp\/wp-json\/wp\/v2\/media?parent=126468"}],"wp:term":[{"taxonomy":"category","embeddable":true,"href":"http:\/\/200.6.115.193\/wp\/wp-json\/wp\/v2\/categories?post=126468"},{"taxonomy":"post_tag","embeddable":true,"href":"http:\/\/200.6.115.193\/wp\/wp-json\/wp\/v2\/tags?post=126468"}],"curies":[{"name":"wp","href":"https:\/\/api.w.org\/{rel}","templated":true}]}}