{"id":128270,"date":"2022-04-19T00:00:30","date_gmt":"2022-04-19T00:00:30","guid":{"rendered":"https:\/\/www.portalminero.com\/wp\/presidente-del-directorio-de-codelco-se-reune-con-la-federacion-de-trabajadores-del-cobre\/"},"modified":"2022-04-19T12:51:27","modified_gmt":"2022-04-19T12:51:27","slug":"presidente-del-directorio-de-codelco-se-reune-con-la-federacion-de-trabajadores-del-cobre","status":"publish","type":"post","link":"http:\/\/200.6.115.193\/wp\/presidente-del-directorio-de-codelco-se-reune-con-la-federacion-de-trabajadores-del-cobre\/","title":{"rendered":"Presidente del directorio de Codelco se re\u00fane con la Federaci\u00f3n de Trabajadores del Cobre"},"content":{"rendered":"<h6><em>Chile<\/em><\/h6>\n<p><b>En el encuentro, se abord\u00f3 de manera abierta cu\u00e1les son las expectativas de los trabajadores y las trabajadoras de la empresa y tambi\u00e9n el camino para desarrollar de manera conjunta una estrategia de desarrollo sustentable para la minera estatal.<\/b><\/p>\n<p><img decoding=\"async\" class=\"imagen-noticia\" src=\"data:image\/gif;base64,R0lGODlhAQABAIAAAAAAAP\/\/\/yH5BAEAAAAALAAAAAABAAEAAAIBRAA7\" data-src=\"https:\/\/pm.portalminero.com\/images\/noticias\/625eae82e6369.jpeg\" alt=\"Presidente del directorio de Codelco se re\u00fane con la Federaci\u00f3n de Trabajadores del Cobre\" \/><noscript><img decoding=\"async\" class=\"imagen-noticia\" src=\"https:\/\/pm.portalminero.com\/images\/noticias\/625eae82e6369.jpeg\" alt=\"Presidente del directorio de Codelco se re\u00fane con la Federaci\u00f3n de Trabajadores del Cobre\" \/><\/noscript><\/p>\n<div class=\"texto_prensa\" align=\"justify\"><strong>martes 19 de abril del 2022.-<\/strong>\u00a0Su primera reuni\u00f3n de trabajo sostuvo hoy el presidente del directorio de Codelco, M\u00e1ximo Pacheco, con el Consejo Directivo Nacional de la Federaci\u00f3n de Trabajadores del Cobre (FTC), presidida por Patricio Elgueta. Al encuentro, realizado en la sede de la organizaci\u00f3n sindical, tambi\u00e9n asisti\u00f3 el presidente ejecutivo de la estatal, Octavio Araneda.<br \/>\nEn la ocasi\u00f3n, la FTC present\u00f3 a Pacheco la necesidad de ratificar y profundizar el Pacto Estrat\u00e9gico, como una herramienta fundamental para enfrentar los desaf\u00edos presentes y futuros de Codelco.<\/p>\n<p>\u00abQuer\u00edamos transmitirle al nuevo presidente del directorio la importancia de nuestra historia sindical y la contribuci\u00f3n a las grandes luchas sociales que hemos dado por el pa\u00eds\u201d, expres\u00f3 Elgueta, quien destac\u00f3 la relevancia de esta instancia que permite retomar el di\u00e1logo con la alta administraci\u00f3n de la empresa. \u00abhace unos d\u00edas, tuve la oportunidad de conversar con M\u00e1ximo Pacheco. Ahora era el momento de recibirlo en nuestra sede para expresarle la\u00a0 visi\u00f3n de los trabajadores, representados por el mundo sindical, respecto de reponer relaciones laborales y recuperar los espacios de influencia establecidos en el Pacto Estrat\u00e9gico vigente, que permitan contribuir de manera eficaz al desarrollo estrat\u00e9gico y productivo de Codelco y de las personas que lo integran, impulsando y asegurando el cumplimiento de su rol clave en el desarrollo integral del pa\u00eds, en beneficio de las chilenas y chilenos\u201d, precis\u00f3.<\/p>\n<p>Por su parte, el presidente del directorio subray\u00f3 que estas instancias son relevantes, pues permitir\u00e1n retomar el camino de di\u00e1logo con la FTC e iniciar una nueva senda en las relaciones entre la administraci\u00f3n y los trabajadores. \u00abTengo la convicci\u00f3n de que un pilar fundamental para el futuro de la compa\u00f1\u00eda son sus personas. Por eso, debemos valorar la historia para aprender de ella y promover un futuro de colaboraci\u00f3n con las organizaciones sindicales de la empresa. Lo que hicimos hace a\u00f1os atr\u00e1s con la Alianza Estrat\u00e9gica que dise\u00f1amos en conjunto con la federaci\u00f3n y que, luego, dio origen al Pacto Estrat\u00e9gico, es una buena muestra de que los acuerdos son posibles cuando nos unimos por el bien de Codelco y del pa\u00eds\u201d.<\/p>\n<p>Pacheco afirm\u00f3 que los desaf\u00edos que enfrenta Codelco y la tarea de incrementar los aportes al Estado s\u00f3lo ser\u00e1 exitosa si se hace en un ambiente de armon\u00eda laboral y sindical, que se centre en el desarrollo de las personas, as\u00ed como en su bienestar y seguridad.<br \/>\nLa Federaci\u00f3n de Trabajadores del Cobre reiter\u00f3 a Pacheco su invitaci\u00f3n a participar del Congreso Nacional de la organizaci\u00f3n en mayo, asistencia que el presidente del directorio de Codelco confirm\u00f3.<\/p><\/div>\n<hr \/>\n","protected":false},"excerpt":{"rendered":"<p><span class='published'>Chile | 2022-04-19<\/span><\/p>\n<p>En el encuentro, se abord\u00f3 de manera abierta cu\u00e1les son las expectativas de los trabajadores y las trabajadoras de la empresa y tambi\u00e9n el camino para desarrollar de manera conjunta una estrategia de desarrollo sustentable para la minera estatal.<\/p>\n","protected":false},"author":25,"featured_media":128271,"comment_status":"open","ping_status":"open","sticky":false,"template":"","format":"standard","meta":{"footnotes":""},"categories":[12],"tags":[],"class_list":["post-128270","post","type-post","status-publish","format-standard","has-post-thumbnail","hentry","category-noticias"],"_links":{"self":[{"href":"http:\/\/200.6.115.193\/wp\/wp-json\/wp\/v2\/posts\/128270","targetHints":{"allow":["GET"]}}],"collection":[{"href":"http:\/\/200.6.115.193\/wp\/wp-json\/wp\/v2\/posts"}],"about":[{"href":"http:\/\/200.6.115.193\/wp\/wp-json\/wp\/v2\/types\/post"}],"author":[{"embeddable":true,"href":"http:\/\/200.6.115.193\/wp\/wp-json\/wp\/v2\/users\/25"}],"replies":[{"embeddable":true,"href":"http:\/\/200.6.115.193\/wp\/wp-json\/wp\/v2\/comments?post=128270"}],"version-history":[{"count":2,"href":"http:\/\/200.6.115.193\/wp\/wp-json\/wp\/v2\/posts\/128270\/revisions"}],"predecessor-version":[{"id":128273,"href":"http:\/\/200.6.115.193\/wp\/wp-json\/wp\/v2\/posts\/128270\/revisions\/128273"}],"wp:featuredmedia":[{"embeddable":true,"href":"http:\/\/200.6.115.193\/wp\/wp-json\/wp\/v2\/media\/128271"}],"wp:attachment":[{"href":"http:\/\/200.6.115.193\/wp\/wp-json\/wp\/v2\/media?parent=128270"}],"wp:term":[{"taxonomy":"category","embeddable":true,"href":"http:\/\/200.6.115.193\/wp\/wp-json\/wp\/v2\/categories?post=128270"},{"taxonomy":"post_tag","embeddable":true,"href":"http:\/\/200.6.115.193\/wp\/wp-json\/wp\/v2\/tags?post=128270"}],"curies":[{"name":"wp","href":"https:\/\/api.w.org\/{rel}","templated":true}]}}