{"id":128687,"date":"2022-04-26T00:00:30","date_gmt":"2022-04-26T00:00:30","guid":{"rendered":"https:\/\/www.portalminero.com\/wp\/presidente-boric-pide-robustecer-codelco-en-la-primera-reunion-con-el-presidente-del-directorio\/"},"modified":"2022-04-26T12:43:33","modified_gmt":"2022-04-26T12:43:33","slug":"presidente-boric-pide-robustecer-codelco-en-la-primera-reunion-con-el-presidente-del-directorio","status":"publish","type":"post","link":"http:\/\/200.6.115.193\/wp\/presidente-boric-pide-robustecer-codelco-en-la-primera-reunion-con-el-presidente-del-directorio\/","title":{"rendered":"Presidente Boric pide robustecer Codelco en la primera reuni\u00f3n con el Presidente del Directorio"},"content":{"rendered":"<h6><em>Chile<\/em><\/h6>\n<p><b>En la cita con M\u00e1ximo Pacheco, el mandatario expuso su inter\u00e9s por avanzar en el fortalecimiento de la minera estatal, tanto desde el punto de vista financiero como operativo y medioambiental.<\/b><\/p>\n<p><img decoding=\"async\" class=\"imagen-noticia\" src=\"data:image\/gif;base64,R0lGODlhAQABAIAAAAAAAP\/\/\/yH5BAEAAAAALAAAAAABAAEAAAIBRAA7\" data-src=\"https:\/\/pm.portalminero.com\/images\/noticias\/6267e5ef938ea.jpeg\" alt=\"Presidente Boric pide robustecer Codelco en la primera reuni\u00f3n con el Presidente del Directorio\" \/><noscript><img decoding=\"async\" class=\"imagen-noticia\" src=\"https:\/\/pm.portalminero.com\/images\/noticias\/6267e5ef938ea.jpeg\" alt=\"Presidente Boric pide robustecer Codelco en la primera reuni\u00f3n con el Presidente del Directorio\" \/><\/noscript><\/p>\n<div class=\"texto_prensa\" align=\"justify\"><strong>martes 26 de abril del 2022.-<\/strong>\u00a0El Presidente de la Rep\u00fablica, Gabriel Boric, recibi\u00f3 esta tarde, en La Moneda, al presidente del directorio de Codelco, M\u00e1ximo Pacheco. En la primera reuni\u00f3n presencial entre ambos desde el nombramiento de Pacheco, que dur\u00f3 una hora, el Mandatario expuso su inter\u00e9s por avanzar en el robustecimiento de la minera estatal, tanto desde el punto de vista financiero como operativo.<\/p>\n<p>\u00abEl Presidente Boric me cit\u00f3 con el fin de analizar el estado de la principal empresa del pa\u00eds y revisar sus principales desaf\u00edos. Contar con su apoyo es fundamental para lo que tenemos por delante, que va a requerir mucha gesti\u00f3n para mejorar en temas muy sensibles, como el cuidado del medioambiente y el uso del agua, as\u00ed como tambi\u00e9n para fortalecer nuestra operaci\u00f3n a trav\u00e9s de la ejecuci\u00f3n de los proyectos estructurales\u201d, dijo M\u00e1ximo Pacheco al concluir la reuni\u00f3n.<\/p>\n<p>Pacheco aprovech\u00f3 la ocasi\u00f3n para informar al Mandatario de sus primeras impresiones tras haber recorrido El Teniente y parte importante del Distrito Norte (Chuquicamata, Radomiro Tomic, Ministro Hales) en las \u00faltimas semanas, y luego de haberse reunido con los dirigentes sindicales de todas las divisiones de la empresa y con el consejo de la Federaci\u00f3n de Trabajadores del Cobre, con quienes ya se ha conversado la necesidad de renovar y fortalecer una alianza estrat\u00e9gica.<\/p>\n<p>\u00abLe trat\u00e9 de transmitir el compromiso que he percibido de cada trabajador y de cada trabajadora en terreno, todos con un profesionalismo y voluntad por conectar a Codelco con nuestro desarrollo global. Y nos pusimos r\u00e1pidamente de acuerdo en que Codelco puede y debe hacer una mayor contribuci\u00f3n al desarrollo regional y local a trav\u00e9s de una pol\u00edtica social que sea efectiva y atienda las necesidades de las comunidades que acogen nuestras operaciones\u201d, explic\u00f3 Pacheco.<\/p>\n<p>El presidente del directorio de Codelco agreg\u00f3 que el Presidente Boric le solicit\u00f3 especial celeridad en resolver las brechas que la minera estatal mantiene en materia de protecci\u00f3n ambiental, tanto en el uso de agua como en la descarbonizaci\u00f3n en materia energ\u00e9tica.<\/p><\/div>\n<hr \/>\n","protected":false},"excerpt":{"rendered":"<p><span class='published'>Chile | 2022-04-26<\/span><\/p>\n<p>En la cita con M\u00e1ximo Pacheco, el mandatario expuso su inter\u00e9s por avanzar en el fortalecimiento de la minera estatal, tanto desde el punto de vista financiero como operativo y medioambiental.<\/p>\n","protected":false},"author":25,"featured_media":128688,"comment_status":"open","ping_status":"open","sticky":false,"template":"","format":"standard","meta":{"footnotes":""},"categories":[12],"tags":[],"class_list":["post-128687","post","type-post","status-publish","format-standard","has-post-thumbnail","hentry","category-noticias"],"_links":{"self":[{"href":"http:\/\/200.6.115.193\/wp\/wp-json\/wp\/v2\/posts\/128687","targetHints":{"allow":["GET"]}}],"collection":[{"href":"http:\/\/200.6.115.193\/wp\/wp-json\/wp\/v2\/posts"}],"about":[{"href":"http:\/\/200.6.115.193\/wp\/wp-json\/wp\/v2\/types\/post"}],"author":[{"embeddable":true,"href":"http:\/\/200.6.115.193\/wp\/wp-json\/wp\/v2\/users\/25"}],"replies":[{"embeddable":true,"href":"http:\/\/200.6.115.193\/wp\/wp-json\/wp\/v2\/comments?post=128687"}],"version-history":[{"count":2,"href":"http:\/\/200.6.115.193\/wp\/wp-json\/wp\/v2\/posts\/128687\/revisions"}],"predecessor-version":[{"id":128690,"href":"http:\/\/200.6.115.193\/wp\/wp-json\/wp\/v2\/posts\/128687\/revisions\/128690"}],"wp:featuredmedia":[{"embeddable":true,"href":"http:\/\/200.6.115.193\/wp\/wp-json\/wp\/v2\/media\/128688"}],"wp:attachment":[{"href":"http:\/\/200.6.115.193\/wp\/wp-json\/wp\/v2\/media?parent=128687"}],"wp:term":[{"taxonomy":"category","embeddable":true,"href":"http:\/\/200.6.115.193\/wp\/wp-json\/wp\/v2\/categories?post=128687"},{"taxonomy":"post_tag","embeddable":true,"href":"http:\/\/200.6.115.193\/wp\/wp-json\/wp\/v2\/tags?post=128687"}],"curies":[{"name":"wp","href":"https:\/\/api.w.org\/{rel}","templated":true}]}}