{"id":128831,"date":"2022-04-28T00:00:30","date_gmt":"2022-04-28T00:00:30","guid":{"rendered":"https:\/\/www.portalminero.com\/wp\/minera-licita-ingenieria-para-proyecto-de-recirculacion-de-agua-en-tranque-de-relaves\/"},"modified":"2022-04-28T15:44:14","modified_gmt":"2022-04-28T15:44:14","slug":"minera-licita-ingenieria-para-proyecto-de-recirculacion-de-agua-en-tranque-de-relaves","status":"publish","type":"post","link":"http:\/\/200.6.115.193\/wp\/minera-licita-ingenieria-para-proyecto-de-recirculacion-de-agua-en-tranque-de-relaves\/","title":{"rendered":"Minera licita ingenier\u00eda para proyecto de recirculaci\u00f3n de agua en tranque de relaves"},"content":{"rendered":"<h6><em>Chile<\/em><\/h6>\n<p><b>Ante la escasez h\u00eddrica, Codelco Andina est\u00e1 ejecutando un proyecto para reutilizar las aguas de su tranque de relaves Ovejer\u00eda ubicado en la comuna de Til Til.<\/b><\/p>\n<p><img decoding=\"async\" class=\"imagen-noticia\" src=\"data:image\/gif;base64,R0lGODlhAQABAIAAAAAAAP\/\/\/yH5BAEAAAAALAAAAAABAAEAAAIBRAA7\" data-src=\"https:\/\/pm.portalminero.com\/images\/noticias\/626ab4fde2796.jpg\" alt=\"Minera licita ingenier\u00eda para proyecto de recirculaci\u00f3n de agua en tranque de relaves\" \/><noscript><img decoding=\"async\" class=\"imagen-noticia\" src=\"https:\/\/pm.portalminero.com\/images\/noticias\/626ab4fde2796.jpg\" alt=\"Minera licita ingenier\u00eda para proyecto de recirculaci\u00f3n de agua en tranque de relaves\" \/><\/noscript><\/p>\n<div class=\"texto_prensa\" align=\"justify\"><strong>jueves 28 de abril del 2022.-<\/strong>\u00a0Debido a la escasez del recurso h\u00eddrico, Codelco Andina busca recircular el agua desde el tranque Ovejer\u00eda hasta el \u00e1rea de cordillera para reutilizarla en sus procesos.<\/p>\n<p>El proyecto consta b\u00e1sicamente de la captaci\u00f3n de aguas existentes en el tranque, la conducci\u00f3n de esta por 79 kil\u00f3metros de tuber\u00eda entre el sector de Huech\u00fan y el \u00e1rea industrial de Codelco Andina y tres estaciones de bombeo para asegurar el caudal.<\/p>\n<p>Adem\u00e1s el proyecto requerir\u00e1 de piscinas de emergencia para drenajes de ca\u00f1er\u00eda en caso de emergencia o mantenimiento, un reservorio o sistema de acumulaci\u00f3n de agua y el abastecimiento de energ\u00eda necesario para este proceso.<\/p>\n<p>M\u00e1s informaci\u00f3n<a href=\"https:\/\/www.portalminero.com\/pages\/viewpage.action?pageId=198843572\"> aqu\u00ed:<\/a><\/div>\n<hr \/>\n","protected":false},"excerpt":{"rendered":"<p><span class='published'>Chile | 2022-04-28<\/span><\/p>\n<p>Ante la escasez h\u00eddrica, Codelco Andina est\u00e1 ejecutando un proyecto para reutilizar las aguas de su tranque de relaves Ovejer\u00eda ubicado en la comuna de Til Til.<\/p>\n","protected":false},"author":25,"featured_media":128832,"comment_status":"open","ping_status":"open","sticky":false,"template":"","format":"standard","meta":{"footnotes":""},"categories":[12],"tags":[],"class_list":["post-128831","post","type-post","status-publish","format-standard","has-post-thumbnail","hentry","category-noticias"],"_links":{"self":[{"href":"http:\/\/200.6.115.193\/wp\/wp-json\/wp\/v2\/posts\/128831","targetHints":{"allow":["GET"]}}],"collection":[{"href":"http:\/\/200.6.115.193\/wp\/wp-json\/wp\/v2\/posts"}],"about":[{"href":"http:\/\/200.6.115.193\/wp\/wp-json\/wp\/v2\/types\/post"}],"author":[{"embeddable":true,"href":"http:\/\/200.6.115.193\/wp\/wp-json\/wp\/v2\/users\/25"}],"replies":[{"embeddable":true,"href":"http:\/\/200.6.115.193\/wp\/wp-json\/wp\/v2\/comments?post=128831"}],"version-history":[{"count":1,"href":"http:\/\/200.6.115.193\/wp\/wp-json\/wp\/v2\/posts\/128831\/revisions"}],"predecessor-version":[{"id":128833,"href":"http:\/\/200.6.115.193\/wp\/wp-json\/wp\/v2\/posts\/128831\/revisions\/128833"}],"wp:featuredmedia":[{"embeddable":true,"href":"http:\/\/200.6.115.193\/wp\/wp-json\/wp\/v2\/media\/128832"}],"wp:attachment":[{"href":"http:\/\/200.6.115.193\/wp\/wp-json\/wp\/v2\/media?parent=128831"}],"wp:term":[{"taxonomy":"category","embeddable":true,"href":"http:\/\/200.6.115.193\/wp\/wp-json\/wp\/v2\/categories?post=128831"},{"taxonomy":"post_tag","embeddable":true,"href":"http:\/\/200.6.115.193\/wp\/wp-json\/wp\/v2\/tags?post=128831"}],"curies":[{"name":"wp","href":"https:\/\/api.w.org\/{rel}","templated":true}]}}