{"id":129805,"date":"2022-05-16T00:00:30","date_gmt":"2022-05-16T00:00:30","guid":{"rendered":"https:\/\/www.portalminero.com\/wp\/chuquicamatinos-disfrutaron-ceremonia-por-los-107-aniversario-del-campamento\/"},"modified":"2022-05-16T12:53:15","modified_gmt":"2022-05-16T12:53:15","slug":"chuquicamatinos-disfrutaron-ceremonia-por-los-107-aniversario-del-campamento","status":"publish","type":"post","link":"http:\/\/200.6.115.193\/wp\/chuquicamatinos-disfrutaron-ceremonia-por-los-107-aniversario-del-campamento\/","title":{"rendered":"Chuquicamatinos disfrutaron ceremonia por los 107 aniversario del campamento"},"content":{"rendered":"<h6><em>Chile<\/em><\/h6>\n<p><b>Adem\u00e1s pudieron participar en m\u00e1s actividades que Codelco y otras agrupaciones impulsaron, luego de dos a\u00f1os sin poder realizar esta celebraci\u00f3n de forma presencial.<\/b><\/p>\n<p><img decoding=\"async\" class=\"imagen-noticia\" src=\"data:image\/gif;base64,R0lGODlhAQABAIAAAAAAAP\/\/\/yH5BAEAAAAALAAAAAABAAEAAAIBRAA7\" data-src=\"https:\/\/pm.portalminero.com\/images\/noticias\/6282462735d9b.jpg\" alt=\"Chuquicamatinos disfrutaron ceremonia por los 107 aniversario del campamento\" \/><noscript><img decoding=\"async\" class=\"imagen-noticia\" src=\"https:\/\/pm.portalminero.com\/images\/noticias\/6282462735d9b.jpg\" alt=\"Chuquicamatinos disfrutaron ceremonia por los 107 aniversario del campamento\" \/><\/noscript><\/p>\n<div class=\"texto_prensa\" align=\"justify\"><strong>lunes 16 de mayo del 2022.-<\/strong>\u00a0Durante la primera jornada de celebraci\u00f3n de los 107 a\u00f1os de Chuquicamata, se realizaron m\u00faltiples actividades llenas de historia, recuerdos y tradici\u00f3n. Por la tarde del s\u00e1bado la danza folcl\u00f3rica de los Caporales llen\u00f3 de vida el sector de La Plaza Los H\u00e9roes, centro hist\u00f3rico donde hicieron un recorrido en procesi\u00f3n hasta la gruta.<br \/>\nEsta actividad con bailes fue organizada por la Corporaci\u00f3n Chuquicamatinos &#8211; Santiago, donde se revivieron los tradicionales recorridos de quienes profesaban una creencia y fe religiosa en el apogeo del ex campamento.<\/p>\n<p>Marcelo Bravo, fue una de las cientos de personas que disfrutaron de las actividades del primer d\u00eda, por lo que coment\u00f3 que \u00abestos momentos son muy importantes para las familias que vivieron por a\u00f1os en Chuquicamata y que hoy puedan recordar con todo lo que muestran las exposiciones que las agrupaciones han preparado para este d\u00eda, es muy bonito\u201d.<\/p>\n<p>Al cierre de la velada, las y los visitantes disfrutaron del Show Art\u00edstico, \u00abChuquicamata, m\u00fasica a trav\u00e9s del tiempo\u201d en el costado del Auditorio Sindical, organizado por la agrupaci\u00f3n Hijos y Amigos de Chuquicamata con el apoyo log\u00edstico de Codelco y que hizo que las personas disfrutar\u00e1n de la m\u00fasica de bandas y cantantes locales.<\/p>\n<p>\u00abComo agrupaci\u00f3n nos preocupamos de brindar a la comunidad un espect\u00e1culo que considera un repertorio para todas las edades donde participaran por generaci\u00f3n, chuquicamatinos, hijos y nietos\u201d, dijo Miriam Bolados, presidenta de la agrupaci\u00f3n Hijos y Amigos de Chuquicamata Camino al Patrimonio.<\/p>\n<p>Disfrutando el Show Art\u00edstico, Carlos Varela, mencion\u00f3 que \u00abyo nac\u00ed ac\u00e1 en Chuqui y encuentro bueno que podamos venir ac\u00e1, que hayan abierto el lugar y se d\u00e9 la oportunidad a los artistas locales para presentarse, porque est\u00e1 genial, lo pas\u00e9 bien\u201d.<\/p>\n<p>Otra de las actividades que se disfrutaron durante el d\u00eda fueron los juegos que se hac\u00edan en \u00e9pocas de kerm\u00e9s. Por lo que, Patricio Torreblanca, presidente de la agrupaci\u00f3n Escuela Industrial San Jos\u00e9, expres\u00f3: \u00abme siento muy contento porque he podido reunirme con mis ex compa\u00f1eros de colegio, con mis amigos de siempre y hemos podido recorrer el campamento y que la gente disfrute lo que preparamos, como la exposici\u00f3n de autos de colecci\u00f3n y m\u00e1quinas antiguas utilizadas por los trabajadores de las oficinas, como m\u00e1quinas de escribir\u201d.<\/p>\n<p>Quienes visitaron el campamento tambi\u00e9n pudieron sacarse fotos con la plataforma 360, pudi\u00e9ndose llevar de forma gratuita un recuerdo de la visita. Uno de ellos fue Francisco Dur\u00e1n, quien se llev\u00f3 este souvenir. \u00abEst\u00e1 muy bien, muy innovador, primera vez que veo esto y que bueno que lo hagan porque esto no hay en Calama, entonces est\u00e1 muy interesante, una experiencia nueva\u201d.<\/p><\/div>\n<div class=\"texto_prensa\" align=\"justify\">\nLas actividades contin\u00faan, el martes 17 y el mi\u00e9rcoles 18, D\u00eda del Chuquicamatino, en este \u00faltimo, las familias volver\u00e1n a visitar el ex campamento, donde se mantendr\u00e1n abiertos los edificios emblem\u00e1ticos con exposiciones y expresiones art\u00edsticas, habr\u00e1 un acto conmemorativo, una misa en la Parroquia El Salvador de Chuquicamata, la cual ser\u00e1 oficiada por el Padre Enrique Oliv\u00e9, la tradicional Tronadura y toque de bocinas de la Mina Rajo de Chuquicamata.<\/p>\n<\/div>\n<hr \/>\n","protected":false},"excerpt":{"rendered":"<p><span class='published'>Chile | 2022-05-16<\/span><\/p>\n<p>Adem\u00e1s pudieron participar en m\u00e1s actividades que Codelco y otras agrupaciones impulsaron, luego de dos a\u00f1os sin poder realizar esta celebraci\u00f3n de forma presencial.<\/p>\n","protected":false},"author":25,"featured_media":129806,"comment_status":"open","ping_status":"open","sticky":false,"template":"","format":"standard","meta":{"footnotes":""},"categories":[12],"tags":[],"class_list":["post-129805","post","type-post","status-publish","format-standard","has-post-thumbnail","hentry","category-noticias"],"_links":{"self":[{"href":"http:\/\/200.6.115.193\/wp\/wp-json\/wp\/v2\/posts\/129805","targetHints":{"allow":["GET"]}}],"collection":[{"href":"http:\/\/200.6.115.193\/wp\/wp-json\/wp\/v2\/posts"}],"about":[{"href":"http:\/\/200.6.115.193\/wp\/wp-json\/wp\/v2\/types\/post"}],"author":[{"embeddable":true,"href":"http:\/\/200.6.115.193\/wp\/wp-json\/wp\/v2\/users\/25"}],"replies":[{"embeddable":true,"href":"http:\/\/200.6.115.193\/wp\/wp-json\/wp\/v2\/comments?post=129805"}],"version-history":[{"count":2,"href":"http:\/\/200.6.115.193\/wp\/wp-json\/wp\/v2\/posts\/129805\/revisions"}],"predecessor-version":[{"id":129808,"href":"http:\/\/200.6.115.193\/wp\/wp-json\/wp\/v2\/posts\/129805\/revisions\/129808"}],"wp:featuredmedia":[{"embeddable":true,"href":"http:\/\/200.6.115.193\/wp\/wp-json\/wp\/v2\/media\/129806"}],"wp:attachment":[{"href":"http:\/\/200.6.115.193\/wp\/wp-json\/wp\/v2\/media?parent=129805"}],"wp:term":[{"taxonomy":"category","embeddable":true,"href":"http:\/\/200.6.115.193\/wp\/wp-json\/wp\/v2\/categories?post=129805"},{"taxonomy":"post_tag","embeddable":true,"href":"http:\/\/200.6.115.193\/wp\/wp-json\/wp\/v2\/tags?post=129805"}],"curies":[{"name":"wp","href":"https:\/\/api.w.org\/{rel}","templated":true}]}}