{"id":130452,"date":"2022-05-26T00:00:30","date_gmt":"2022-05-26T00:00:30","guid":{"rendered":"https:\/\/www.portalminero.com\/wp\/cmpc-bioenergias-forestales-presento-dia-para-parque-eolico-el-almendro\/"},"modified":"2022-05-26T14:34:17","modified_gmt":"2022-05-26T14:34:17","slug":"cmpc-bioenergias-forestales-presento-dia-para-parque-eolico-el-almendro","status":"publish","type":"post","link":"http:\/\/200.6.115.193\/wp\/cmpc-bioenergias-forestales-presento-dia-para-parque-eolico-el-almendro\/","title":{"rendered":"CMPC Bioenerg\u00edas Forestales present\u00f3 DIA para parque e\u00f3lico El Almendro"},"content":{"rendered":"<h6><em>Chile<\/em><\/h6>\n<p><b>La empresa planea dar comienzo a la construcci\u00f3n del proyecto situado en la comuna de Nacimiento durante el segundo semestre de 2023, con una duraci\u00f3n de 24 meses.<\/b><\/p>\n<p><img decoding=\"async\" class=\"imagen-noticia\" src=\"data:image\/gif;base64,R0lGODlhAQABAIAAAAAAAP\/\/\/yH5BAEAAAAALAAAAAABAAEAAAIBRAA7\" data-src=\"https:\/\/pm.portalminero.com\/images\/noticias\/628f8df1267d9.jpg\" alt=\"CMPC Bioenerg\u00edas Forestales present\u00f3 DIA para parque e\u00f3lico El Almendro\" \/><noscript><img decoding=\"async\" class=\"imagen-noticia\" src=\"https:\/\/pm.portalminero.com\/images\/noticias\/628f8df1267d9.jpg\" alt=\"CMPC Bioenerg\u00edas Forestales present\u00f3 DIA para parque e\u00f3lico El Almendro\" \/><\/noscript><\/p>\n<div class=\"texto_prensa\" align=\"justify\"><strong>jueves 26 de mayo del 2022.-<\/strong>\u00a0El proyecto fue presentado ante el Servicio de Evaluaci\u00f3n Ambiental, a trav\u00e9s de un Estudio\u00a0 de impacto Ambiental (EIA) y tiene un costo estimados de USD 160 millones.<\/p>\n<p>La iniciativa tiene como objetivo operar una central de generaci\u00f3n de energ\u00eda e\u00f3lica, que permita aprovechar parte del recurso e\u00f3lico existente en la zona alta de las comunas de Renaico y Angol en la Regi\u00f3n de La Araucan\u00eda, de manera contribuir a satisfacer la demanda energ\u00e9tica del pa\u00eds a trav\u00e9s de la inyecci\u00f3n de esta energ\u00eda mediante una l\u00ednea de transmisi\u00f3n el\u00e9ctrica, para su conexi\u00f3n al SEN en la comuna de Nacimiento y as\u00ed diversificar la matriz energ\u00e9tica nacional.<\/p>\n<p><strong>El proyecto<\/strong><\/p>\n<p>Corresponde a un parque e\u00f3lico de 24 aerogeneradores que permiten una generaci\u00f3n total aproximada de 144 MW (6 MW aproximados por cada aerogenerador). Incluye -adem\u00e1s- una subestaci\u00f3n el\u00e9ctrica elevadora y una l\u00ednea de transmisi\u00f3n de alta tensi\u00f3n de 220 kV en doble circuito simple soportada con un total de 64 torres.<\/p>\n<p>El Proyecto tendr\u00e1 un car\u00e1cter biregional, dado que una parte de este se emplazar\u00e1 entre la comuna de Nacimiento, Regi\u00f3n del Biob\u00edo y otro segmento en las comunas de Renaico y Angol, en la Regi\u00f3n de La Araucan\u00eda.<\/p>\n<p>M\u00e1s informaci\u00f3n <a href=\"https:\/\/www.portalminero.com\/pages\/viewpage.action?pageId=198845060\">aqu\u00ed:<\/a><\/p>\n<\/div>\n<hr \/>\n","protected":false},"excerpt":{"rendered":"<p><span class='published'>Chile | 2022-05-26<\/span><\/p>\n<p>La empresa planea dar comienzo a la construcci\u00f3n del proyecto situado en la comuna de Nacimiento durante el segundo semestre de 2023, con una duraci\u00f3n de 24 meses.<\/p>\n","protected":false},"author":25,"featured_media":130453,"comment_status":"open","ping_status":"open","sticky":false,"template":"","format":"standard","meta":{"footnotes":""},"categories":[12],"tags":[],"class_list":["post-130452","post","type-post","status-publish","format-standard","has-post-thumbnail","hentry","category-noticias"],"_links":{"self":[{"href":"http:\/\/200.6.115.193\/wp\/wp-json\/wp\/v2\/posts\/130452","targetHints":{"allow":["GET"]}}],"collection":[{"href":"http:\/\/200.6.115.193\/wp\/wp-json\/wp\/v2\/posts"}],"about":[{"href":"http:\/\/200.6.115.193\/wp\/wp-json\/wp\/v2\/types\/post"}],"author":[{"embeddable":true,"href":"http:\/\/200.6.115.193\/wp\/wp-json\/wp\/v2\/users\/25"}],"replies":[{"embeddable":true,"href":"http:\/\/200.6.115.193\/wp\/wp-json\/wp\/v2\/comments?post=130452"}],"version-history":[{"count":2,"href":"http:\/\/200.6.115.193\/wp\/wp-json\/wp\/v2\/posts\/130452\/revisions"}],"predecessor-version":[{"id":130455,"href":"http:\/\/200.6.115.193\/wp\/wp-json\/wp\/v2\/posts\/130452\/revisions\/130455"}],"wp:featuredmedia":[{"embeddable":true,"href":"http:\/\/200.6.115.193\/wp\/wp-json\/wp\/v2\/media\/130453"}],"wp:attachment":[{"href":"http:\/\/200.6.115.193\/wp\/wp-json\/wp\/v2\/media?parent=130452"}],"wp:term":[{"taxonomy":"category","embeddable":true,"href":"http:\/\/200.6.115.193\/wp\/wp-json\/wp\/v2\/categories?post=130452"},{"taxonomy":"post_tag","embeddable":true,"href":"http:\/\/200.6.115.193\/wp\/wp-json\/wp\/v2\/tags?post=130452"}],"curies":[{"name":"wp","href":"https:\/\/api.w.org\/{rel}","templated":true}]}}