{"id":132399,"date":"2022-06-24T00:00:00","date_gmt":"2022-06-24T00:00:00","guid":{"rendered":"https:\/\/www.portalminero.com\/wp\/proveedor-local-destaco-en-feria-medioambiental-de-calama\/"},"modified":"2022-06-24T15:23:00","modified_gmt":"2022-06-24T15:23:00","slug":"proveedor-local-destaco-en-feria-medioambiental-de-calama","status":"publish","type":"post","link":"http:\/\/200.6.115.193\/wp\/proveedor-local-destaco-en-feria-medioambiental-de-calama\/","title":{"rendered":"Proveedor local destac\u00f3 en Feria Medioambiental de Calama"},"content":{"rendered":"<h6><b>Chile<\/b><\/h6>\n<p>Una de las caracter\u00edsticas diferenciadoras del programa \u00abLos Proveedores Juegan de Local\u00bb es que capacita a sus beneficiarios y, adem\u00e1s, les da el impulso necesario para apoyar su ingreso al mundo laboral.<\/p>\n<p><img decoding=\"async\" class=\"imagen-noticia\" src=\"data:image\/gif;base64,R0lGODlhAQABAIAAAAAAAP\/\/\/yH5BAEAAAAALAAAAAABAAEAAAIBRAA7\" data-src=\"https:\/\/www.portalminero.com\/wp\/wp-content\/uploads\/subidos\/notasprensa\/14537_62b5d61c0cdef.jpg\" alt=\"Proveedor local destac\u00f3 en Feria Medioambiental de Calama\" \/><noscript><img decoding=\"async\" class=\"imagen-noticia\" src=\"https:\/\/www.portalminero.com\/wp\/wp-content\/uploads\/subidos\/notasprensa\/14537_62b5d61c0cdef.jpg\" alt=\"Proveedor local destac\u00f3 en Feria Medioambiental de Calama\" \/><\/noscript><\/p>\n<div class=\"texto_prensa\" align=\"justify\"><strong>viernes 24 de junio del 2022.-<\/strong>\u00a0En la Feria Medioambiental \u201cJuntos\/as por un Desarrollo Sustentable\u201d organizada por Codelco y la Corporaci\u00f3n Municipal de Desarrollo Social (Comdes), fue una oportunidad para que proveedores locales tambi\u00e9n pudieran mostrar sus ideas de negocio que tienen una visi\u00f3n sustentable.<\/p>\n<p>El evento cont\u00f3 con la participaci\u00f3n del proveedor local, Roberto Robledo, director de la \u00abCafetera del Arte y la Cultura\u201d emprendimiento que es el \u00fanico Coffee bike ecol\u00f3gico en Calama.<\/p>\n<p>\u00abBusca aportar en la promoci\u00f3n y difusi\u00f3n de la cultura en la ciudad, pero tambi\u00e9n promover un plus sustentable, ya que los materiales que utilizamos en nuestro emprendimiento son biodegradables\u201d destac\u00f3 su director y creador.<\/p>\n<p>Las y los estudiantes, junto a sus docentes, dirigentes sociales, trabajadoras y trabajadores de la Corporaci\u00f3n convocados en este espacio, degustaron chocolate caliente, distintas variedades de caf\u00e9 y reposter\u00eda.<\/p>\n<p>Con la feria y los distintos programas de Codelco se entregan y desarrollan capacidades a las personas para que puedan desenvolverse en diferentes \u00e1mbitos, lo que es una manera de contribuir a la sustentabilidad en cada territorio y tambi\u00e9n es parte de los objetivos estrat\u00e9gicos de Codelco.<\/p>\n<p>\u00abMe gustar\u00eda que un emprendimiento local como el m\u00edo, con un enfoque medioambiental, cultural y comunitario pueda ser un aporte a la ciudadan\u00eda y principalmente a Codelco\u201d, resalt\u00f3 Roberto Robledo.<\/p>\n<p>Codelco dentro de su estrategia de desarrollo territorial 2020-2030 busca trabajar en tres ejes principales enfocados en econom\u00eda local, educaci\u00f3n y capital social, y sustentabilidad ambiental, m\u00e1s un eje transversal orientado a generar un nuevo modelo de relacionamiento comunitario, que les permita contar con nuevos mecanismos de participaci\u00f3n y di\u00e1logo.<\/p>\n<p>Cabe destacar que el proceso de fortalecimiento considera la orientaci\u00f3n en \u00e1reas como el cumplimiento de normativas de salud y otras regulaciones que permiten el debido desarrollo de las iniciativas.<\/p><\/div>\n<hr \/>\n","protected":false},"excerpt":{"rendered":"<p>Una de las caracter\u00edsticas diferenciadoras del programa \u00abLos Proveedores Juegan de Local\u00bb es que capacita a sus beneficiarios y, adem\u00e1s, les da el impulso necesario para apoyar su ingreso al mundo laboral.<\/p>\n","protected":false},"author":26,"featured_media":132400,"comment_status":"open","ping_status":"open","sticky":false,"template":"","format":"standard","meta":{"footnotes":""},"categories":[60],"tags":[],"class_list":["post-132399","post","type-post","status-publish","format-standard","has-post-thumbnail","hentry","category-notas-de-prensa"],"_links":{"self":[{"href":"http:\/\/200.6.115.193\/wp\/wp-json\/wp\/v2\/posts\/132399","targetHints":{"allow":["GET"]}}],"collection":[{"href":"http:\/\/200.6.115.193\/wp\/wp-json\/wp\/v2\/posts"}],"about":[{"href":"http:\/\/200.6.115.193\/wp\/wp-json\/wp\/v2\/types\/post"}],"author":[{"embeddable":true,"href":"http:\/\/200.6.115.193\/wp\/wp-json\/wp\/v2\/users\/26"}],"replies":[{"embeddable":true,"href":"http:\/\/200.6.115.193\/wp\/wp-json\/wp\/v2\/comments?post=132399"}],"version-history":[{"count":1,"href":"http:\/\/200.6.115.193\/wp\/wp-json\/wp\/v2\/posts\/132399\/revisions"}],"predecessor-version":[{"id":132401,"href":"http:\/\/200.6.115.193\/wp\/wp-json\/wp\/v2\/posts\/132399\/revisions\/132401"}],"wp:featuredmedia":[{"embeddable":true,"href":"http:\/\/200.6.115.193\/wp\/wp-json\/wp\/v2\/media\/132400"}],"wp:attachment":[{"href":"http:\/\/200.6.115.193\/wp\/wp-json\/wp\/v2\/media?parent=132399"}],"wp:term":[{"taxonomy":"category","embeddable":true,"href":"http:\/\/200.6.115.193\/wp\/wp-json\/wp\/v2\/categories?post=132399"},{"taxonomy":"post_tag","embeddable":true,"href":"http:\/\/200.6.115.193\/wp\/wp-json\/wp\/v2\/tags?post=132399"}],"curies":[{"name":"wp","href":"https:\/\/api.w.org\/{rel}","templated":true}]}}