{"id":177386,"date":"2024-08-26T00:00:30","date_gmt":"2024-08-26T00:00:30","guid":{"rendered":"https:\/\/www.portalminero.com\/wp\/lundin-mining-anuncio-acuerdo-laboral-con-sindicato-de-caserones\/"},"modified":"2024-08-26T15:36:27","modified_gmt":"2024-08-26T15:36:27","slug":"lundin-mining-anuncio-acuerdo-laboral-con-sindicato-de-caserones","status":"publish","type":"post","link":"http:\/\/200.6.115.193\/wp\/lundin-mining-anuncio-acuerdo-laboral-con-sindicato-de-caserones\/","title":{"rendered":"Lundin Mining anunci\u00f3 acuerdo laboral con sindicato de Caserones"},"content":{"rendered":"<h6><em>Chile<\/em><\/h6>\n<p><b>A trav\u00e9s de un comunicado de prensa, la empresa inform\u00f3 que se firmar\u00e1 de forma inminente un nuevo convenio colectivo de trabajo.<\/b><\/p>\n<p><img decoding=\"async\" class=\"imagen-noticia\" src=\"data:image\/gif;base64,R0lGODlhAQABAIAAAAAAAP\/\/\/yH5BAEAAAAALAAAAAABAAEAAAIBRAA7\" data-src=\"http:\/\/pm.portalminero.com\/images\/noticias\/66cc8c97b98ef.JPG\" alt=\"Lundin Mining anunci\u00f3 acuerdo laboral con sindicato de Caserones\" \/><noscript><img decoding=\"async\" class=\"imagen-noticia\" src=\"http:\/\/pm.portalminero.com\/images\/noticias\/66cc8c97b98ef.JPG\" alt=\"Lundin Mining anunci\u00f3 acuerdo laboral con sindicato de Caserones\" \/><\/noscript><\/p>\n<div class=\"texto_prensa\" align=\"justify\">\n<p><strong>lunes 26 de agosto del 2024.-<\/strong>\u00a0Lundin Mining anunci\u00f3 que alcanz\u00f3 un acuerdo con el sindicato de Caserones y que la mayor\u00eda de sus miembros lo han aceptado mediante votaci\u00f3n.<\/p>\n<p>A trav\u00e9s de un comunicado de prensa, la empresa inform\u00f3 que se firmar\u00e1 de forma inminente un nuevo convenio colectivo de trabajo.<\/p>\n<p>\u201cLa compa\u00f1\u00eda se centrar\u00e1 ahora en un plan de regreso seguro al trabajo y en una reanudaci\u00f3n eficiente de las operaciones, que han estado funcionando aproximadamente al 50% de su capacidad durante la huelga\u201d, finaliza el comunicado.<\/p>\n<\/div>\n<hr \/>\n","protected":false},"excerpt":{"rendered":"<p><span class='published'>Chile | 2024-08-26<\/span><\/p>\n<p>A trav\u00e9s de un comunicado de prensa, la empresa inform\u00f3 que se firmar\u00e1 de forma inminente un nuevo convenio colectivo de trabajo.<\/p>\n","protected":false},"author":26,"featured_media":177387,"comment_status":"open","ping_status":"open","sticky":false,"template":"","format":"standard","meta":{"footnotes":""},"categories":[12],"tags":[],"class_list":["post-177386","post","type-post","status-publish","format-standard","has-post-thumbnail","hentry","category-noticias"],"_links":{"self":[{"href":"http:\/\/200.6.115.193\/wp\/wp-json\/wp\/v2\/posts\/177386","targetHints":{"allow":["GET"]}}],"collection":[{"href":"http:\/\/200.6.115.193\/wp\/wp-json\/wp\/v2\/posts"}],"about":[{"href":"http:\/\/200.6.115.193\/wp\/wp-json\/wp\/v2\/types\/post"}],"author":[{"embeddable":true,"href":"http:\/\/200.6.115.193\/wp\/wp-json\/wp\/v2\/users\/26"}],"replies":[{"embeddable":true,"href":"http:\/\/200.6.115.193\/wp\/wp-json\/wp\/v2\/comments?post=177386"}],"version-history":[{"count":2,"href":"http:\/\/200.6.115.193\/wp\/wp-json\/wp\/v2\/posts\/177386\/revisions"}],"predecessor-version":[{"id":177390,"href":"http:\/\/200.6.115.193\/wp\/wp-json\/wp\/v2\/posts\/177386\/revisions\/177390"}],"wp:featuredmedia":[{"embeddable":true,"href":"http:\/\/200.6.115.193\/wp\/wp-json\/wp\/v2\/media\/177387"}],"wp:attachment":[{"href":"http:\/\/200.6.115.193\/wp\/wp-json\/wp\/v2\/media?parent=177386"}],"wp:term":[{"taxonomy":"category","embeddable":true,"href":"http:\/\/200.6.115.193\/wp\/wp-json\/wp\/v2\/categories?post=177386"},{"taxonomy":"post_tag","embeddable":true,"href":"http:\/\/200.6.115.193\/wp\/wp-json\/wp\/v2\/tags?post=177386"}],"curies":[{"name":"wp","href":"https:\/\/api.w.org\/{rel}","templated":true}]}}