{"id":177524,"date":"2024-08-28T00:00:30","date_gmt":"2024-08-28T00:00:30","guid":{"rendered":"https:\/\/www.portalminero.com\/wp\/con-gran-marco-de-asistencia-se-inauguro-fexmin-2024\/"},"modified":"2024-08-29T13:09:47","modified_gmt":"2024-08-29T13:09:47","slug":"con-gran-marco-de-asistencia-se-inauguro-fexmin-2024","status":"publish","type":"post","link":"http:\/\/200.6.115.193\/wp\/con-gran-marco-de-asistencia-se-inauguro-fexmin-2024\/","title":{"rendered":"Con gran marco de asistencia se inaugur\u00f3 Fexmin 2024"},"content":{"rendered":"<h6><em>Chile<\/em><\/h6>\n<p><b>Patricia Narv\u00e1ez agradeci\u00f3 y destac\u00f3 la participaci\u00f3n de cerca de 70 empresas que est\u00e1n exponiendo sus productos y servicios en esta versi\u00f3n de la Feria de Exploraciones y Minas.<\/b><\/p>\n<p><img decoding=\"async\" class=\"imagen-noticia\" src=\"data:image\/gif;base64,R0lGODlhAQABAIAAAAAAAP\/\/\/yH5BAEAAAAALAAAAAABAAEAAAIBRAA7\" data-src=\"http:\/\/pm.portalminero.com\/images\/noticias\/66ce9dffcfa8d.jpg\" alt=\"Con gran marco de asistencia se inaugur\u00f3 Fexmin 2024\" \/><noscript><img decoding=\"async\" class=\"imagen-noticia\" src=\"http:\/\/pm.portalminero.com\/images\/noticias\/66ce9dffcfa8d.jpg\" alt=\"Con gran marco de asistencia se inaugur\u00f3 Fexmin 2024\" \/><\/noscript><\/p>\n<div class=\"texto_prensa\" align=\"justify\">\n<p><strong>mi\u00e9rcoles 28 de agosto del 2024.-<\/strong> Gran inter\u00e9s ha suscitado la Feria de Exploraciones y Minas, Fexmin 2024, que se inaugur\u00f3 en Espacio Riesco, la que convoc\u00f3 a un importante n\u00famero de asistentes que podr\u00e1n acceder a las conferencias y m\u00e1s de 20 proyectos mineros que se presentar\u00e1n en esta versi\u00f3n.<\/p>\n<p>En la ocasi\u00f3n la presidenta de Fexmin 2024 Patricia Narv\u00e1ez dio la bienvenida asistentes y destac\u00f3 la gran oportunidad de conocer la gran carpeta de proyectos y las diversas empresas proveedoras que exponen en la Feria. Adem\u00e1s, se refiri\u00f3 a las trabas para los nuevos proyectos y la gran demanda del mundo por nuestros minerales.<\/p>\n<p>\u201cActualmente, nuestra tarea de exploradores, de por si riesgosa, se ve dificultada por los numerosos obst\u00e1culos que encontramos en el camino, reglamentos y normativas excesivos y poco claros que complican y demoran su aplicaci\u00f3n, y la oposici\u00f3n de comunidades y de la ciudadan\u00eda, producto del desconocimiento y falta de cultura minera, paradoja en un pa\u00eds que ha sido minero desde sus inicios\u201d, se\u00f1al\u00f3<\/p>\n<p>Posteriormente, el presidente del Colegio de Ge\u00f3logos, Sergio Vicencio, destac\u00f3 esta feria y asegur\u00f3 que se ha convertido en una instancia de gran importancia en el mundo de la geolog\u00eda, exploraci\u00f3n y miner\u00eda, aunque indic\u00f3 que el pa\u00eds tiene baja exploraci\u00f3n Greenfield.<\/p>\n<p>En tanto, la acad\u00e9mica de la Universidad Austral, Irene del Real present\u00f3 \u201cC\u00f3mo los metales han dado forma a nuestra sociedad\u201d, en Fexmin 2024, ocasi\u00f3n en la que hizo un recorrido por la historia mundial, destacando c\u00f3mo se le fue dando importancia a los diversos minerales, de acuerdo a los requerimientos de la sociedad de cada \u00e9poca, como tambi\u00e9n aquellos que se esmeraron en buscar respuestas y soluciones.<\/p>\n<p>Posteriormente, Juan Carlos Guajardo, director ejecutivo de Plusmining realiz\u00f3 la conferencia titulada, \u201cTendencias relevantes para la actividad minera actual \u2013 Miner\u00eda en Medio de una era de transiciones globales\u201d, oportunidad en la que se refiri\u00f3 al marco internacional, incluidos los conflictos que se est\u00e1n viviendo y c\u00f3mo influyen en la econom\u00eda.<\/p>\n<p>Agreg\u00f3 que \u201clos pa\u00edses ricos en minerales cr\u00edticos buscan un nuevo equilibrio, una transici\u00f3n hacia un nuevo marco para la actividad minera. Occidente y China poseen un control limitado de los minerales cr\u00edticos; en tanto, las principales jurisdicciones mineras controlan entre el 40% y 60% de las reservas mundiales de minerales cr\u00edticos\u201d, asever\u00f3.<\/p>\n<p>Respecto a la exploraci\u00f3n minera, Guajardo dijo que en Chile crece el presupuesto para la exploraci\u00f3n minera en cobre, pero disminuyen los descubrimientos, la exploraci\u00f3n b\u00e1sica es cada vez menos atractiva, esto es una constante y se proyecta que contin\u00fae de esta manera tanto en Chile como en el mundo\u201d, detall\u00f3.<\/p>\n<p>El invitado internacional en esta oportunidad fue Walter Tejada, presidente de ProEXPLO 2025 Per\u00fa, quien adem\u00e1s de invitar a los expertos a presentar sus proyectos para el pr\u00f3ximo a\u00f1o, realiz\u00f3 un an\u00e1lisis del sector minero en su pa\u00eds y el resto de la regi\u00f3n. \u201cEl mundo necesita m\u00e1s minerales para cubrir sus demandas, sin embargo, los nuevos descubrimientos son escasos para satisfacer la demanda\u201d, indic\u00f3.<\/p>\n<p>Agreg\u00f3 que los descubrimientos de las \u00faltimas d\u00e9cadas representan solo el 3,5% de todo el cobre descubierto desde 1990. La inversi\u00f3n de exploraci\u00f3n greenfield pas\u00f3 de 50% -60% a 23% del presupuesto de exploraci\u00f3n de cobre. \u201cLatinoam\u00e9rica es una regi\u00f3n altamente atractiva para la exploraci\u00f3n, a pesar del contexto global dif\u00edcil nuestra regi\u00f3n creci\u00f3 un 2%, destacando Chile y Argentina\u201d, asever\u00f3.<\/p>\n<p>La ceremonia de inauguraci\u00f3n concluy\u00f3 con el saludo del presidente de la C\u00e1mara Minera de Chile, Manuel Viera, quienes patrocinan la Fexmin, se\u00f1alando sobre la importancia de esta feria y los alcances que tiene.<\/p>\n<p>En la ocasi\u00f3n destac\u00f3 la necesidad de que la exploraci\u00f3n cuente con incentivos tributarios para aumentar las posibilidades del descubrimiento de nuevos yacimientos. \u201cNecesitamos contar con mayor producci\u00f3n de minerales, para ello no solo es imperioso nuevos descubrimientos, sino que propiciar pol\u00edticas p\u00fablicas que reduzcan la cantidad de permisos, mantener las reglas del juego, entre otros\u201d, precis\u00f3 Viera.<\/p>\n<p>Durante la jornada de la tarde se desarroll\u00f3 el Simposio: \u201cNuevos Descubrimientos, Las Minas del Futuro\u201d; con la presentaci\u00f3n de proyectos como la \u201cActualizaci\u00f3n de la Geolog\u00eda y Recursos del Proyecto Marimaca, Regi\u00f3n de Antofagasta\u201d; y del \u201cProyecto Santo Domingo, Un Componente Clave en la Construcci\u00f3n de un Nuevo Distrito Minero\u201d.<\/p>\n<p>Finalmente, la presidenta de Fexmin 2024, Patricia Narv\u00e1ez agradeci\u00f3 y destac\u00f3 la participaci\u00f3n de cerca de 70 empresas que est\u00e1n exponiendo sus productos y servicios en esta versi\u00f3n de la Feria de Exploraciones y Minas.<\/p>\n<p>Para m\u00e1s informaci\u00f3n en <a href=\"https:\/\/fexmin.cl\/\">www.fexmin.cl<\/a><\/p>\n<\/div>\n<hr \/>\n","protected":false},"excerpt":{"rendered":"<p><span class='published'>Chile | 2024-08-28<\/span><\/p>\n<p>Patricia Narv\u00e1ez agradeci\u00f3 y destac\u00f3 la participaci\u00f3n de cerca de 70 empresas que est\u00e1n exponiendo sus productos y servicios en esta versi\u00f3n de la Feria de Exploraciones y Minas.<\/p>\n","protected":false},"author":26,"featured_media":177525,"comment_status":"open","ping_status":"open","sticky":false,"template":"","format":"standard","meta":{"footnotes":""},"categories":[12],"tags":[],"class_list":["post-177524","post","type-post","status-publish","format-standard","has-post-thumbnail","hentry","category-noticias"],"_links":{"self":[{"href":"http:\/\/200.6.115.193\/wp\/wp-json\/wp\/v2\/posts\/177524","targetHints":{"allow":["GET"]}}],"collection":[{"href":"http:\/\/200.6.115.193\/wp\/wp-json\/wp\/v2\/posts"}],"about":[{"href":"http:\/\/200.6.115.193\/wp\/wp-json\/wp\/v2\/types\/post"}],"author":[{"embeddable":true,"href":"http:\/\/200.6.115.193\/wp\/wp-json\/wp\/v2\/users\/26"}],"replies":[{"embeddable":true,"href":"http:\/\/200.6.115.193\/wp\/wp-json\/wp\/v2\/comments?post=177524"}],"version-history":[{"count":3,"href":"http:\/\/200.6.115.193\/wp\/wp-json\/wp\/v2\/posts\/177524\/revisions"}],"predecessor-version":[{"id":177540,"href":"http:\/\/200.6.115.193\/wp\/wp-json\/wp\/v2\/posts\/177524\/revisions\/177540"}],"wp:featuredmedia":[{"embeddable":true,"href":"http:\/\/200.6.115.193\/wp\/wp-json\/wp\/v2\/media\/177525"}],"wp:attachment":[{"href":"http:\/\/200.6.115.193\/wp\/wp-json\/wp\/v2\/media?parent=177524"}],"wp:term":[{"taxonomy":"category","embeddable":true,"href":"http:\/\/200.6.115.193\/wp\/wp-json\/wp\/v2\/categories?post=177524"},{"taxonomy":"post_tag","embeddable":true,"href":"http:\/\/200.6.115.193\/wp\/wp-json\/wp\/v2\/tags?post=177524"}],"curies":[{"name":"wp","href":"https:\/\/api.w.org\/{rel}","templated":true}]}}