{"id":177951,"date":"2024-09-03T00:00:30","date_gmt":"2024-09-03T00:00:30","guid":{"rendered":"https:\/\/www.portalminero.com\/wp\/comision-de-energia-y-mineria-comenzara-los-estudios-para-reformar-la-distribucion-electrica\/"},"modified":"2024-09-03T15:25:22","modified_gmt":"2024-09-03T15:25:22","slug":"comision-de-energia-y-mineria-comenzara-los-estudios-para-reformar-la-distribucion-electrica","status":"publish","type":"post","link":"http:\/\/200.6.115.193\/wp\/comision-de-energia-y-mineria-comenzara-los-estudios-para-reformar-la-distribucion-electrica\/","title":{"rendered":"Comisi\u00f3n de Energ\u00eda y Miner\u00eda comenzar\u00e1 los estudios para reformar la distribuci\u00f3n el\u00e9ctrica"},"content":{"rendered":"<h6><em>Chile<\/em><\/h6>\n<p><b>La idea es generar un borrador de un proyecto que asegure el suministro continuo para los consumidores con altos est\u00e1ndares de eficiencia, y al mismo tiempo modernice el modelo de este mercado. Todo esto a m\u00e1s tardar en octubre.<\/b><\/p>\n<p><img decoding=\"async\" class=\"imagen-noticia\" src=\"data:image\/gif;base64,R0lGODlhAQABAIAAAAAAAP\/\/\/yH5BAEAAAAALAAAAAABAAEAAAIBRAA7\" data-src=\"http:\/\/pm.portalminero.com\/images\/noticias\/66d7267a5cba5.jpg\" alt=\"Comisi\u00f3n de Energ\u00eda y Miner\u00eda comenzar\u00e1 los estudios para reformar la distribuci\u00f3n el\u00e9ctrica\" \/><noscript><img decoding=\"async\" class=\"imagen-noticia\" src=\"http:\/\/pm.portalminero.com\/images\/noticias\/66d7267a5cba5.jpg\" alt=\"Comisi\u00f3n de Energ\u00eda y Miner\u00eda comenzar\u00e1 los estudios para reformar la distribuci\u00f3n el\u00e9ctrica\" \/><\/noscript><\/p>\n<div class=\"texto_prensa\" align=\"justify\"><strong>martes 03 de septiembre del 2024.-<\/strong>\u00a0De forma transversal y un\u00e1nime, los integrantes de la <a href=\"https:\/\/www.senado.cl\/actividad-legislativa\/comisiones\/196\">Comisi\u00f3n de Energ\u00eda y Miner\u00eda<\/a> acordaron formar una mesa t\u00e9cnica con el Ejecutivo y las empresas distribuidoras para trabajar en una reforma a la ley que regula el sistema de distribuci\u00f3n el\u00e9ctrica. Esto, luego de las consecuencias generadas por los extensos cortes de suministro tras el \u00faltimo temporal en la zona centro sur.<\/p>\n<p>En la \u00faltima sesi\u00f3n, los parlamentarios recibieron al ministro de Energ\u00eda, Diego Pardow; y al director ejecutivo de la Asociaci\u00f3n de Empresas El\u00e9ctricas A.G, Juan Meriches, quien en representaci\u00f3n de las distribuidoras asegur\u00f3 que \u201cla falla de los sistemas correspondi\u00f3 a un caso de fuerza mayor\u201d, lo que fue cuestionado por el secretario de Estado y los legisladores.<\/p>\n<p><strong>Reforma a la distribuci\u00f3n<\/strong><\/p>\n<p>Tras la cita en la que se analizaron los hechos en profundidad, el presidente de la instancia, el senador Juan Luis Castro destac\u00f3 que \u201clos monopolios naturales no pueden seguir con una regulaci\u00f3n \u00ednfima y con incumplimientos graves hacia la ciudadan\u00eda. Estamos en una \u00e9poca de alza de tarifa, pero a la vez de mal servicio. Por lo tanto, hemos adoptado el acuerdo de trabajar en profundidad y en serio, a contar del primero de octubre, sobre una reforma al sistema de distribuci\u00f3n el\u00e9ctrica en Chile\u201d.<\/p>\n<p>En tal sentido, la senadora Luz Ebensperger sostuvo que \u201cno podemos seguir esperando que ocurra lo mismo en un par de meses o el pr\u00f3ximo invierno y que las consecuencias sean las mismas. Tenemos que ser capaces de dar respuesta, tomar medidas, hacer las reformas que correspondan para fortalecer el sistema el\u00e9ctrico, en este caso para fortalecer la distribuci\u00f3n el\u00e9ctrica\u201d.<\/p><\/div>\n<hr \/>\n","protected":false},"excerpt":{"rendered":"<p><span class='published'>Chile | 2024-09-03<\/span><\/p>\n<p>La idea es generar un borrador de un proyecto que asegure el suministro continuo para los consumidores con altos est\u00e1ndares de eficiencia, y al mismo tiempo modernice el modelo de este mercado. Todo esto a m\u00e1s tardar en octubre.<\/p>\n","protected":false},"author":26,"featured_media":177952,"comment_status":"open","ping_status":"open","sticky":false,"template":"","format":"standard","meta":{"footnotes":""},"categories":[12],"tags":[],"class_list":["post-177951","post","type-post","status-publish","format-standard","has-post-thumbnail","hentry","category-noticias"],"_links":{"self":[{"href":"http:\/\/200.6.115.193\/wp\/wp-json\/wp\/v2\/posts\/177951","targetHints":{"allow":["GET"]}}],"collection":[{"href":"http:\/\/200.6.115.193\/wp\/wp-json\/wp\/v2\/posts"}],"about":[{"href":"http:\/\/200.6.115.193\/wp\/wp-json\/wp\/v2\/types\/post"}],"author":[{"embeddable":true,"href":"http:\/\/200.6.115.193\/wp\/wp-json\/wp\/v2\/users\/26"}],"replies":[{"embeddable":true,"href":"http:\/\/200.6.115.193\/wp\/wp-json\/wp\/v2\/comments?post=177951"}],"version-history":[{"count":1,"href":"http:\/\/200.6.115.193\/wp\/wp-json\/wp\/v2\/posts\/177951\/revisions"}],"predecessor-version":[{"id":177953,"href":"http:\/\/200.6.115.193\/wp\/wp-json\/wp\/v2\/posts\/177951\/revisions\/177953"}],"wp:featuredmedia":[{"embeddable":true,"href":"http:\/\/200.6.115.193\/wp\/wp-json\/wp\/v2\/media\/177952"}],"wp:attachment":[{"href":"http:\/\/200.6.115.193\/wp\/wp-json\/wp\/v2\/media?parent=177951"}],"wp:term":[{"taxonomy":"category","embeddable":true,"href":"http:\/\/200.6.115.193\/wp\/wp-json\/wp\/v2\/categories?post=177951"},{"taxonomy":"post_tag","embeddable":true,"href":"http:\/\/200.6.115.193\/wp\/wp-json\/wp\/v2\/tags?post=177951"}],"curies":[{"name":"wp","href":"https:\/\/api.w.org\/{rel}","templated":true}]}}