{"id":180868,"date":"2024-10-23T00:00:30","date_gmt":"2024-10-23T00:00:30","guid":{"rendered":"https:\/\/www.portalminero.com\/wp\/ministra-williams-reafirma-en-san-felipe-compromiso-por-la-sostenibilidad-de-la-pequena-mineria\/"},"modified":"2024-10-23T13:10:44","modified_gmt":"2024-10-23T13:10:44","slug":"ministra-williams-reafirma-en-san-felipe-compromiso-por-la-sostenibilidad-de-la-pequena-mineria","status":"publish","type":"post","link":"http:\/\/200.6.115.193\/wp\/ministra-williams-reafirma-en-san-felipe-compromiso-por-la-sostenibilidad-de-la-pequena-mineria\/","title":{"rendered":"Ministra Williams reafirma en San Felipe compromiso por la sostenibilidad de la peque\u00f1a miner\u00eda"},"content":{"rendered":"<h6><em>Chile<\/em><\/h6>\n<p><b>En reuni\u00f3n con dirigentes de asociaciones mineras de la Regi\u00f3n de Valpara\u00edso, la titular del ramo se comprometi\u00f3 a evaluar la posibilidad de instalar un poder de compra de Enami en la zona.<\/b><\/p>\n<p><img decoding=\"async\" class=\"imagen-noticia\" src=\"data:image\/gif;base64,R0lGODlhAQABAIAAAAAAAP\/\/\/yH5BAEAAAAALAAAAAABAAEAAAIBRAA7\" data-src=\"http:\/\/pm.portalminero.com\/images\/noticias\/6718ef7c3da78.jpg\" alt=\"Ministra Williams reafirma en San Felipe compromiso por la sostenibilidad de la peque\u00f1a miner\u00eda\" \/><noscript><img decoding=\"async\" class=\"imagen-noticia\" src=\"http:\/\/pm.portalminero.com\/images\/noticias\/6718ef7c3da78.jpg\" alt=\"Ministra Williams reafirma en San Felipe compromiso por la sostenibilidad de la peque\u00f1a miner\u00eda\" \/><\/noscript><\/p>\n<div class=\"texto_prensa\" align=\"justify\">\n<p><strong>mi\u00e9rcoles 23 de octubre del 2024.-<\/strong> Con el objeto de abordar los principales avances de la Mesa Regional de Gobernanza Minera, conversar sobre los anuncios de la Ley de Presupuestos 2025 y repasar los alcances de la elaboraci\u00f3n de una Pol\u00edtica de Fomento para la peque\u00f1a miner\u00eda, entre otras materias de inter\u00e9s local, la ministra de Miner\u00eda, Aurora Williams, se reuni\u00f3 con representantes de asociaciones y gremios de peque\u00f1a miner\u00eda de la Regi\u00f3n de Valpara\u00edso.<\/p>\n<p>Durante el encuentro, la secretaria de Estado reiter\u00f3 el compromiso del gobierno con el desarrollo sostenible de la actividad minera de menor escala, acentuando el rol fundamental que la Empresa Nacional de Miner\u00eda cumple para fortalecer el fomento al sector. En ese sentido, al abordar la actual situaci\u00f3n de Enami, la autoridad celebr\u00f3 que, de manera in\u00e9dita, la Ley de Presupuestos 2025 incluye una capitalizaci\u00f3n hist\u00f3rica de la estatal y el aumento en 25% del fondo asignado para sus labores de fomento.<\/p>\n<p>\u201cNos hemos reunido con asociaciones de peque\u00f1os mineros de la regi\u00f3n porque representan a un sector sumamente relevante que aporta de manera significativa a las econom\u00edas locales. Hoy hemos atendido sus preocupaciones que es el mandato del Presidente Gabriel Boric para poder desarrollar una peque\u00f1a miner\u00eda robusta en nuestro pa\u00eds, apoyada en un modelo de fomento \u00fanico en el mundo como es Enami. En ese sentido, los temas que hemos priorizado en la conversaci\u00f3n tienen que ver con la posibilidad de un poder de compra instalado en la Regi\u00f3n de Valpara\u00edso, bajo el alero de Enami; y por otro lado, aspectos procedimentales que faciliten la operaci\u00f3n de esta actividad\u201d.<\/p>\n<p>Asimismo, la ministra Williams valor\u00f3 el inter\u00e9s, participaci\u00f3n y trabajo desarrollado en las sesiones de la Mesa Regional de Gobernanza Minera que, bajo el liderazgo del seremi de Miner\u00eda, Jaime Rojas, concentra desde agosto, la asistencia de distintas agrupaciones locales para tratar temas prioritarios para el fortalecimiento del sector.<\/p>\n<p>Al respecto, el seremi Rojas coment\u00f3 que \u201ccontamos con una mesa regional constituida que funciona mensualmente con todas las asociaciones mineras de la regi\u00f3n donde a trav\u00e9s de un di\u00e1logo franco y transparente, vemos las tem\u00e1ticas e inquietudes del sector con la idea de darles respuestas y fluidez a los procesos\u201d.<\/p>\n<p>En el encuentro, que se realiz\u00f3 en las oficinas de la Secretar\u00eda Regional Ministerial de Miner\u00eda, ubicada en San Felipe, tambi\u00e9n participaron el Delegado Provincial de San Felipe, Daniel Mu\u00f1oz; el seremi de Miner\u00eda, Jaime Rojas; el director regional Zona Central de Sernageomin, Christian Orellana; el jefe de la Oficina Regional Minera de Enami, Alejandro Gonz\u00e1lez; y representantes de asociaciones mineras de Cabildo, Petorca, Catemu, San Felipe y Putaendo.<\/p>\n<\/div>\n<hr \/>\n","protected":false},"excerpt":{"rendered":"<p><span class='published'>Chile | 2024-10-23<\/span><\/p>\n<p>En reuni\u00f3n con dirigentes de asociaciones mineras de la Regi\u00f3n de Valpara\u00edso, la titular del ramo se comprometi\u00f3 a evaluar la posibilidad de instalar un poder de compra de Enami en la zona.<\/p>\n","protected":false},"author":26,"featured_media":180869,"comment_status":"open","ping_status":"open","sticky":false,"template":"","format":"standard","meta":{"footnotes":""},"categories":[12],"tags":[],"class_list":["post-180868","post","type-post","status-publish","format-standard","has-post-thumbnail","hentry","category-noticias"],"_links":{"self":[{"href":"http:\/\/200.6.115.193\/wp\/wp-json\/wp\/v2\/posts\/180868","targetHints":{"allow":["GET"]}}],"collection":[{"href":"http:\/\/200.6.115.193\/wp\/wp-json\/wp\/v2\/posts"}],"about":[{"href":"http:\/\/200.6.115.193\/wp\/wp-json\/wp\/v2\/types\/post"}],"author":[{"embeddable":true,"href":"http:\/\/200.6.115.193\/wp\/wp-json\/wp\/v2\/users\/26"}],"replies":[{"embeddable":true,"href":"http:\/\/200.6.115.193\/wp\/wp-json\/wp\/v2\/comments?post=180868"}],"version-history":[{"count":2,"href":"http:\/\/200.6.115.193\/wp\/wp-json\/wp\/v2\/posts\/180868\/revisions"}],"predecessor-version":[{"id":180873,"href":"http:\/\/200.6.115.193\/wp\/wp-json\/wp\/v2\/posts\/180868\/revisions\/180873"}],"wp:featuredmedia":[{"embeddable":true,"href":"http:\/\/200.6.115.193\/wp\/wp-json\/wp\/v2\/media\/180869"}],"wp:attachment":[{"href":"http:\/\/200.6.115.193\/wp\/wp-json\/wp\/v2\/media?parent=180868"}],"wp:term":[{"taxonomy":"category","embeddable":true,"href":"http:\/\/200.6.115.193\/wp\/wp-json\/wp\/v2\/categories?post=180868"},{"taxonomy":"post_tag","embeddable":true,"href":"http:\/\/200.6.115.193\/wp\/wp-json\/wp\/v2\/tags?post=180868"}],"curies":[{"name":"wp","href":"https:\/\/api.w.org\/{rel}","templated":true}]}}