{"id":74672,"date":"2019-02-07T00:00:30","date_gmt":"2019-02-07T00:00:30","guid":{"rendered":"http:\/\/www.melfur.cl\/wp\/aprueban-historica-inversion-para-fortalecer-a-la-pequena-mineria-de-la-region-de-coquimbo\/"},"modified":"2020-02-04T17:19:12","modified_gmt":"2020-02-04T17:19:12","slug":"aprueban-historica-inversion-para-fortalecer-a-la-pequena-mineria-de-la-region-de-coquimbo","status":"publish","type":"post","link":"http:\/\/200.6.115.193\/wp\/aprueban-historica-inversion-para-fortalecer-a-la-pequena-mineria-de-la-region-de-coquimbo\/","title":{"rendered":"Aprueban hist\u00f3rica inversi\u00f3n para fortalecer a la peque\u00f1a miner\u00eda de la Regi\u00f3n de Coquimbo"},"content":{"rendered":"<h6><em>Chile<\/em><\/h6>\n<p><b>Junto con agradecer los m\u00e1s de 2.500 millones aprobados por las autoridades regionales el ministro Baldo Prokurica indic\u00f3 que estos recursos van en orden a apoyar fuertemente el trabajo de peque\u00f1os y medianos mineros.<\/b><\/p>\n<p><img decoding=\"async\" alt=\"Aprueban hist\u00f3rica inversi\u00f3n para fortalecer a la peque\u00f1a miner\u00eda de la Regi\u00f3n de Coquimbo\" class=\"imagen-noticia\" src=\"data:image\/gif;base64,R0lGODlhAQABAIAAAAAAAP\/\/\/yH5BAEAAAAALAAAAAABAAEAAAIBRAA7\" data-src=\"https:\/\/pm.portalminero.com\/images\/noticias\/5c5b45dfefebe.jpg\" \/><noscript><img decoding=\"async\" alt=\"Aprueban hist\u00f3rica inversi\u00f3n para fortalecer a la peque\u00f1a miner\u00eda de la Regi\u00f3n de Coquimbo\" class=\"imagen-noticia\" src=\"https:\/\/pm.portalminero.com\/images\/noticias\/5c5b45dfefebe.jpg\" \/><\/noscript><\/p>\n<div class=\"texto_prensa\" align=\"justify\"><strong>jueves 07 de febrero del 2019.-<\/strong>&nbsp;Los mineros pertenecientes a las provincias de Choapa Limar&iacute; y Elqui podr&aacute;n recibir recursos para aumentar el fortalecimiento productivo y adem&aacute;s de ser capacitados en seguridad minera.<\/p>\n<p>Estos recursos ser&aacute;n otorgados gracias al trabajo realizado por el seremi de Miner&iacute;a de la cuarta regi&oacute;n Roberto Vega; quien present&oacute; este proyecto a los fondos regionales.<\/p>\n<p>La iniciativa aprobada busca fortalecer a la peque&ntilde;a miner&iacute;a de la Regi&oacute;n de Coquimbo mejorando las capacidades en los procesos productivos inyectando recursos para fomento productivo e innovaci&oacute;n y elevando los est&aacute;ndares de seguridad minera.<\/p>\n<p>En este contexto el ministro de Miner&iacute;a Baldo Prokurica manifest&oacute; que &ldquo;resulta gratificante apoyar a la Regi&oacute;n de Coquimbo que presenta un alto n&uacute;mero de peque&ntilde;os y medianos mineros. De manera que agradezco al Gobierno Regional y al Core por su permanente compromiso con la peque&ntilde;a y mediana miner&iacute;a de la cuarta regi&oacute;n y adem&aacute;s de eso decirles que esta inmensa cantidad de recursos que ha sido aprobada por el Core hace que muchos de los peque&ntilde;os mineros puedan recibir una ayuda necesaria para salir adelante en esta que es una actividad tan importante&rdquo;.<\/p>\n<p>Al respecto la autoridad agradeci&oacute; el trabajo que la serem&iacute;a de Coquimbo viene realizando en pos del desarrollo de sus mineros. &ldquo;Debo felicitar al seremi Roberto Vega por el permanente trabajo y preocupaci&oacute;n para este sector y hacer que estos recursos permitan que la gente de la peque&ntilde;a y mediana miner&iacute;a tenga un apoyo tenga una palanca de parte del Gobierno para salir adelante&rdquo; puntualiz&oacute; el titular de Miner&iacute;a.<\/p>\n<p>En tanto el seremi de la regi&oacute;n Roberto Vega sostuvo que &ldquo;para nosotros como Ministerio de Miner&iacute;a creemos que hoy ha ocurrido un hecho hist&oacute;rico haciendo lo que nos encomend&oacute; el Presidente Pi&ntilde;era y el ministro Baldo Prokurica trabajar de la mano de aquellos peque&ntilde;os mineros de aquellos pirquineros que muchas veces les cuesta m&aacute;s llegar a los niveles de cumplimiento de las normas. Chile es solidario lo hacemos todos y creemos que como Ministerio estamos trabajando en la l&iacute;nea correcta&rdquo;.\n<\/div>\n<hr \/>\n<p>Portal Minero<\/p>\n","protected":false},"excerpt":{"rendered":"<p><span class='published'>Chile | 2019-02-07<\/span><\/p>\n<p>Junto con agradecer los m\u00e1s de 2.500 millones aprobados por las autoridades regionales el ministro Baldo Prokurica indic\u00f3 que estos recursos van en orden a apoyar fuertemente el trabajo de peque\u00f1os y medianos mineros.<\/p>\n","protected":false},"author":7,"featured_media":74673,"comment_status":"open","ping_status":"open","sticky":false,"template":"","format":"standard","meta":{"footnotes":""},"categories":[12],"tags":[],"class_list":["post-74672","post","type-post","status-publish","format-standard","has-post-thumbnail","hentry","category-noticias"],"_links":{"self":[{"href":"http:\/\/200.6.115.193\/wp\/wp-json\/wp\/v2\/posts\/74672","targetHints":{"allow":["GET"]}}],"collection":[{"href":"http:\/\/200.6.115.193\/wp\/wp-json\/wp\/v2\/posts"}],"about":[{"href":"http:\/\/200.6.115.193\/wp\/wp-json\/wp\/v2\/types\/post"}],"author":[{"embeddable":true,"href":"http:\/\/200.6.115.193\/wp\/wp-json\/wp\/v2\/users\/7"}],"replies":[{"embeddable":true,"href":"http:\/\/200.6.115.193\/wp\/wp-json\/wp\/v2\/comments?post=74672"}],"version-history":[{"count":2,"href":"http:\/\/200.6.115.193\/wp\/wp-json\/wp\/v2\/posts\/74672\/revisions"}],"predecessor-version":[{"id":95321,"href":"http:\/\/200.6.115.193\/wp\/wp-json\/wp\/v2\/posts\/74672\/revisions\/95321"}],"wp:featuredmedia":[{"embeddable":true,"href":"http:\/\/200.6.115.193\/wp\/wp-json\/wp\/v2\/media\/74673"}],"wp:attachment":[{"href":"http:\/\/200.6.115.193\/wp\/wp-json\/wp\/v2\/media?parent=74672"}],"wp:term":[{"taxonomy":"category","embeddable":true,"href":"http:\/\/200.6.115.193\/wp\/wp-json\/wp\/v2\/categories?post=74672"},{"taxonomy":"post_tag","embeddable":true,"href":"http:\/\/200.6.115.193\/wp\/wp-json\/wp\/v2\/tags?post=74672"}],"curies":[{"name":"wp","href":"https:\/\/api.w.org\/{rel}","templated":true}]}}