{"id":76487,"date":"2019-05-24T00:04:00","date_gmt":"2019-05-24T00:04:00","guid":{"rendered":"http:\/\/www.portalminero.com\/wp\/aprendices-alistan-sus-cascos-y-bototos-para-iniciar-practicas-en-enami\/"},"modified":"2020-02-03T12:33:18","modified_gmt":"2020-02-03T12:33:18","slug":"aprendices-alistan-sus-cascos-y-bototos-para-iniciar-practicas-en-enami","status":"publish","type":"post","link":"http:\/\/200.6.115.193\/wp\/aprendices-alistan-sus-cascos-y-bototos-para-iniciar-practicas-en-enami\/","title":{"rendered":"Aprendices alistan sus cascos y bototos para iniciar pr\u00e1cticas en ENAMI"},"content":{"rendered":"<h6><b>Chile<\/b><\/h6>\n<p>Tras dos meses de formaci\u00f3n en aula los 56 j\u00f3venes provenientes de Atacama y Coquimbo que aprobaron el curso te\u00f3rico hoy dieron inicio a la etapa pr\u00e1ctica en distintas \u00e1reas de la empresa. En octubre se espera que egrese la primera generaci\u00f3n del in\u00e9dito programa de la estatal.<\/p>\n<p><img decoding=\"async\" class=\"imagen-noticia\" src=\"data:image\/gif;base64,R0lGODlhAQABAIAAAAAAAP\/\/\/yH5BAEAAAAALAAAAAABAAEAAAIBRAA7\" data-src=\"https:\/\/www.portalminero.com\/wp\/wp-content\/uploads\/subidos\/notasprensa\/12915_5ce7fb93533da.jpg\" alt=\"Aprendices alistan sus cascos y bototos para iniciar pr\u00e1cticas en ENAMI\" \/><noscript><img decoding=\"async\" class=\"imagen-noticia\" src=\"https:\/\/www.portalminero.com\/wp\/wp-content\/uploads\/subidos\/notasprensa\/12915_5ce7fb93533da.jpg\" alt=\"Aprendices alistan sus cascos y bototos para iniciar pr\u00e1cticas en ENAMI\" \/><\/noscript><\/p>\n<div class=\"texto_prensa\" align=\"justify\"><strong>viernes 24 de mayo del 2019.-<\/strong>\u00a0Con cascos ajustados y zapatos de seguridad bien abrochados esta semana la primera generaci\u00f3n de aprendices de la Empresa Nacional de Miner\u00eda (ENAMI) comenz\u00f3 con la etapa pr\u00e1ctica de su in\u00e9dito programa \u201cActiva Futuro\u201d que busca convertirlos en operadores mec\u00e1nicos o instrumentistas de planta y fundici\u00f3n.<\/p>\n<p>Hoy mis expectativas son aprender y aplicar lo que me ense\u00f1aron en el curso que fue bastante interesante para m\u00ed que no ten\u00eda ninguna noci\u00f3n b\u00e1sica; por lo que adem\u00e1s fue enriquecedor\u201d dijo Inguibel Herrera de 23 a\u00f1os. La aprendiz copiapina apuesta a convertirse en auxiliar operaci\u00f3n fundici\u00f3n una vez finalice el programa.<\/p>\n<p>Ella no solo refleja el entusiasmo de la generaci\u00f3n sino tambi\u00e9n la igualdad de g\u00e9nero presente en el grupo. Esto porque de los 56 estudiantes seleccionados tras evaluaciones te\u00f3ricas y t\u00e9cnicas 28 son mujeres y 28 hombres. Aprendices que ser\u00e1n recibidos por la voz de la experiencia luego que trabajadores de ENAMI se certificaran como maestros gu\u00edas para acompa\u00f1arlos en este proceso de formaci\u00f3n en las distintas instalaciones asignadas Fundici\u00f3n Hern\u00e1n Videla Lira Planta Manuel A. Matta o Delta en Ovalle.<\/p>\n<p>Alfredo Cort\u00e9s es parte del grupo de cinco estudiantes que se capacitan para convertirse en mec\u00e1nico. Dice estar contento con la formaci\u00f3n entregada y agradecido de la iniciativa de ENAMI. Me parece excelente la labor de la empresa porque al buscar un trabajo siempre se requiere experiencia y esto para que entremos sin experiencia y aprender harto es s\u00faper bueno dijo el joven aprendiz proveniente de Paipote quien asegur\u00f3 que su expectativa es obtener un trabajo en la empresa.<\/p>\n<p>A ellos se suman seis j\u00f3venes que apostaron por formarse como el\u00e9ctricos instrumentistas 27 como operadores hidrometal\u00fargicos y 18 como operadores pirometal\u00fargicos.<\/p>\n<p>Finalmente se espera que la primera generaci\u00f3n de aprendices de ENAMI egrese en octubre. Asimismo y teniendo en consideraci\u00f3n el desempe\u00f1o de los estudiantes y las necesidades de la empresa podr\u00edan existir vacantes para que algunos de los participantes de la primera versi\u00f3n del programa Activa Futuro\u201d ingresen a la estatal.<\/p><\/div>\n<hr \/>\n<p>Enami <\/p>\n","protected":false},"excerpt":{"rendered":"<p>Tras dos meses de formaci\u00f3n en aula los 56 j\u00f3venes provenientes de Atacama y Coquimbo que aprobaron el curso te\u00f3rico hoy dieron inicio a la etapa pr\u00e1ctica en distintas \u00e1reas de la empresa. En octubre se espera que egrese la primera generaci\u00f3n del in\u00e9dito programa de la estatal.<\/p>\n","protected":false},"author":7,"featured_media":76488,"comment_status":"open","ping_status":"open","sticky":false,"template":"","format":"standard","meta":{"footnotes":""},"categories":[60],"tags":[],"class_list":["post-76487","post","type-post","status-publish","format-standard","has-post-thumbnail","hentry","category-notas-de-prensa"],"_links":{"self":[{"href":"http:\/\/200.6.115.193\/wp\/wp-json\/wp\/v2\/posts\/76487","targetHints":{"allow":["GET"]}}],"collection":[{"href":"http:\/\/200.6.115.193\/wp\/wp-json\/wp\/v2\/posts"}],"about":[{"href":"http:\/\/200.6.115.193\/wp\/wp-json\/wp\/v2\/types\/post"}],"author":[{"embeddable":true,"href":"http:\/\/200.6.115.193\/wp\/wp-json\/wp\/v2\/users\/7"}],"replies":[{"embeddable":true,"href":"http:\/\/200.6.115.193\/wp\/wp-json\/wp\/v2\/comments?post=76487"}],"version-history":[{"count":2,"href":"http:\/\/200.6.115.193\/wp\/wp-json\/wp\/v2\/posts\/76487\/revisions"}],"predecessor-version":[{"id":94206,"href":"http:\/\/200.6.115.193\/wp\/wp-json\/wp\/v2\/posts\/76487\/revisions\/94206"}],"wp:featuredmedia":[{"embeddable":true,"href":"http:\/\/200.6.115.193\/wp\/wp-json\/wp\/v2\/media\/76488"}],"wp:attachment":[{"href":"http:\/\/200.6.115.193\/wp\/wp-json\/wp\/v2\/media?parent=76487"}],"wp:term":[{"taxonomy":"category","embeddable":true,"href":"http:\/\/200.6.115.193\/wp\/wp-json\/wp\/v2\/categories?post=76487"},{"taxonomy":"post_tag","embeddable":true,"href":"http:\/\/200.6.115.193\/wp\/wp-json\/wp\/v2\/tags?post=76487"}],"curies":[{"name":"wp","href":"https:\/\/api.w.org\/{rel}","templated":true}]}}