{"id":78867,"date":"2019-06-13T00:00:00","date_gmt":"2019-06-13T00:00:00","guid":{"rendered":"http:\/\/www.portalminero.com\/wp\/aia-da-inicio-programa-de-capacitacion-con-foco-en-primera-infancia\/"},"modified":"2020-01-31T15:06:30","modified_gmt":"2020-01-31T15:06:30","slug":"aia-da-inicio-programa-de-capacitacion-con-foco-en-primera-infancia","status":"publish","type":"post","link":"http:\/\/200.6.115.193\/wp\/aia-da-inicio-programa-de-capacitacion-con-foco-en-primera-infancia\/","title":{"rendered":"AIA da inicio programa de capacitaci\u00f3n con foco en primera infancia"},"content":{"rendered":"<h6><b>Chile<\/b><\/h6>\n<p>Desde el a\u00f1o 2000, el programa de la AIA ha capacitado a 6.905 personas, desarrollando 262 cursos de perfeccionamiento con cobertura regional. No obstante, es en 2012 cuando se especializ\u00f3 en educaci\u00f3n inicial.<\/p>\n<p><img decoding=\"async\" class=\"imagen-noticia\" src=\"https:\/\/www.portalminero.com\/wp\/wp-content\/uploads\/subidos\/notasprensa\/12975_5d0298bf23e69.jpg\" alt=\"AIA da inicio programa de capacitaci\u00f3n con foco en primera infancia\"><\/p>\n<div align=\"justify\" class=\"texto_prensa\"><strong>jueves 13 de junio del 2019.-<\/strong>&nbsp;180 agentes educativas dependientes de jardines infantiles de Junji, Fundaci&oacute;n Integra y municipios de la Regi&oacute;n de Antofagasta ser&aacute;n beneficiados con el programa &quot;Construyendo Valor Compartido&quot;, iniciativa de la Asociaci&oacute;n de Industriales de Antofagasta (AIA) que busca situar a la primera infancia como prioridad del mundo productivo. El programa, que considera capacitaciones destinadas a directoras, educadoras, t&eacute;cnicas y profesionales de apoyo de la educaci&oacute;n parvularia, ya comenz&oacute; sus clases en Taltal y Antofagasta.<\/p>\n<p><strong>Rentabilidad social<\/strong><\/p>\n<p>\u00abEstamos convencidos de que es en la primera infancia cuando la inversi\u00f3n econ\u00f3mica tiene mayor rentabilidad social, lo que hace que este sea un proyecto de car\u00e1cter futurista, que mantenemos desde 2012\u00bb, enfatiz\u00f3 Marko Razmilic, presidente de la AIA, quien valor\u00f3 el compromiso de las empresas socias del gremio que hacen posible la realizaci\u00f3n del programa.<\/p>\n<p>Las capacitaciones tienen una duraci\u00f3n total de 12 semanas, las cuales var\u00edan seg\u00fan una planificaci\u00f3n anual desde junio a diciembre, llevando a un equipo experto a las comunas de Taltal; Antofagasta; Mejillones; Tocopilla; Mar\u00eda Elena; Sierra Gorda; Calama; San Pedro de Atacama; y Ollag\u00fce.<\/p>\n<p><strong>Contenido<\/strong><\/p>\n<p>El a\u00f1o pasado el tema general de los talleres fue el \u00abDesarrollo del Pensamiento Matem\u00e1tico\u00bb, mientras que este a\u00f1o es Enfoque de ciudadan\u00eda: habilidades y actitudes que contribuyen a un mundo m\u00e1s inclusivo\u201d, el cual aborda en seis m\u00f3dulos la ni\u00f1ez desde una perspectiva de derechos; inclusi\u00f3n en educaci\u00f3n parvularia; psicomotricidad educativa; convivencia y ciudadan\u00eda; participaci\u00f3n infantil; y formaci\u00f3n ciudadana en el aula.<\/p>\n<p>\u00abSe han producido diferentes cambios a partir de la difusi\u00f3n de nuestro nuevo referente curricular, que hoy nos habla de ni\u00f1os ciudadanos, participantes; que no solamente son objetos de protecci\u00f3n y de cuidado -de que alguien les garantice los derechos-, sino que ellos tienen que tener la posibilidad de ejercerlos efectivamente. Eso es un cambio potente en la manera en que realizamos nuestras labores cotidianas\u00bb, especific\u00f3 Carla Rodr\u00edguez, responsable del primer m\u00f3dulo del programa.<\/p>\n<p><strong>Compa\u00f1\u00edas<\/strong><\/p>\n<p>El Programa Construyendo Valor Compartido naci\u00f3 el a\u00f1o 2000, y desde 2012 est\u00e1 focalizado en contribuir al fortalecimiento del capital humano de la primera infancia de la Regi\u00f3n de Antofagasta. Las 19 empresas socias AIA que lo impulsan son: Albemarle Limitada; Antofagasta Minerals; Codelco; Compa\u00f1\u00eda Lomas Bayas; Compa\u00f1\u00eda Minera Spence; Complejo Metal\u00fargico Altonorte; Enel; Finning; Inversiones Korlaet; Kaufamann; Mainstream; Minera Escondida; Minera Meridian Ltda. El Pe\u00f1\u00f3n; Otic-Sofofa; Promec Chile SpA; Radiadores G\u00f3mez; Sicep; SQM S.A.; y Gui\u00f1ez Ingenier\u00eda.<\/p><\/div>\n<hr>\n<p>AIA <\/p>\n","protected":false},"excerpt":{"rendered":"<p>Desde el a\u00f1o 2000, el programa de la AIA ha capacitado a 6.905 personas, desarrollando 262 cursos de perfeccionamiento con cobertura regional. No obstante, es en 2012 cuando se especializ\u00f3 en educaci\u00f3n inicial.<\/p>\n","protected":false},"author":7,"featured_media":78868,"comment_status":"open","ping_status":"open","sticky":false,"template":"","format":"standard","meta":{"footnotes":""},"categories":[60],"tags":[],"class_list":["post-78867","post","type-post","status-publish","format-standard","has-post-thumbnail","hentry","category-notas-de-prensa"],"_links":{"self":[{"href":"http:\/\/200.6.115.193\/wp\/wp-json\/wp\/v2\/posts\/78867","targetHints":{"allow":["GET"]}}],"collection":[{"href":"http:\/\/200.6.115.193\/wp\/wp-json\/wp\/v2\/posts"}],"about":[{"href":"http:\/\/200.6.115.193\/wp\/wp-json\/wp\/v2\/types\/post"}],"author":[{"embeddable":true,"href":"http:\/\/200.6.115.193\/wp\/wp-json\/wp\/v2\/users\/7"}],"replies":[{"embeddable":true,"href":"http:\/\/200.6.115.193\/wp\/wp-json\/wp\/v2\/comments?post=78867"}],"version-history":[{"count":1,"href":"http:\/\/200.6.115.193\/wp\/wp-json\/wp\/v2\/posts\/78867\/revisions"}],"predecessor-version":[{"id":93912,"href":"http:\/\/200.6.115.193\/wp\/wp-json\/wp\/v2\/posts\/78867\/revisions\/93912"}],"wp:featuredmedia":[{"embeddable":true,"href":"http:\/\/200.6.115.193\/wp\/wp-json\/wp\/v2\/media\/78868"}],"wp:attachment":[{"href":"http:\/\/200.6.115.193\/wp\/wp-json\/wp\/v2\/media?parent=78867"}],"wp:term":[{"taxonomy":"category","embeddable":true,"href":"http:\/\/200.6.115.193\/wp\/wp-json\/wp\/v2\/categories?post=78867"},{"taxonomy":"post_tag","embeddable":true,"href":"http:\/\/200.6.115.193\/wp\/wp-json\/wp\/v2\/tags?post=78867"}],"curies":[{"name":"wp","href":"https:\/\/api.w.org\/{rel}","templated":true}]}}