{"id":82712,"date":"2019-08-20T00:00:30","date_gmt":"2019-08-20T00:00:30","guid":{"rendered":"http:\/\/www.portalminero.com\/wp\/gobierno-destina-mas-de-2-800-millones-para-apoyar-a-pequenos-mineros\/"},"modified":"2020-01-28T18:01:12","modified_gmt":"2020-01-28T18:01:12","slug":"gobierno-destina-mas-de-2-800-millones-para-apoyar-a-pequenos-mineros","status":"publish","type":"post","link":"http:\/\/200.6.115.193\/wp\/gobierno-destina-mas-de-2-800-millones-para-apoyar-a-pequenos-mineros\/","title":{"rendered":"Gobierno destina m\u00e1s de $2.800 millones para apoyar a peque\u00f1os mineros"},"content":{"rendered":"<h6><em>Chile<\/em><\/h6>\n<p><b>A trav\u00e9s del Programa PAMMA, el Ministerio de Miner\u00eda, dispondr\u00e1 de equipamientos y capacitaciones para los productores de baja escala, sector que juega un rol fundamental en la econom\u00eda de 44 localidades del pa\u00eds.<\/b><\/p>\n<p><img decoding=\"async\" class=\"imagen-noticia\" src=\"data:image\/gif;base64,R0lGODlhAQABAIAAAAAAAP\/\/\/yH5BAEAAAAALAAAAAABAAEAAAIBRAA7\" data-src=\"https:\/\/pm.portalminero.com\/images\/noticias\/5d5bec5fa9b07.JPG\" alt=\"Gobierno destina m\u00e1s de 2.800 millones para apoyar a peque\u00f1os mineros\" \/><noscript><img decoding=\"async\" class=\"imagen-noticia\" src=\"https:\/\/pm.portalminero.com\/images\/noticias\/5d5bec5fa9b07.JPG\" alt=\"Gobierno destina m\u00e1s de 2.800 millones para apoyar a peque\u00f1os mineros\" \/><\/noscript><\/p>\n<div class=\"texto_prensa\" align=\"justify\"><strong>martes 20 de agosto del 2019.-<\/strong>\u00a0Una gran inyecci\u00f3n de recursos para apoyar a la peque\u00f1a miner\u00eda anunci\u00f3 el ministro de la cartera, Baldo Prokurica, ya que este a\u00f1o se entregar\u00e1n m\u00e1s de $2.800 millones en proyectos, equipamientos y capacitaciones, a trav\u00e9s de los fondos provenientes del Programa de Capacitaci\u00f3n y Transferencia Tecnol\u00f3gica para la Peque\u00f1a Miner\u00eda Artesanal (PAMMA).<\/p>\n<p>El secretario de Estado asegur\u00f3 que \u00abesta es una muy buena noticia para todos los peque\u00f1os mineros, ya que este a\u00f1o se han aumentado los recursos, en $300 millones aproximadamente, para poder apoyar a este sector, que como todos saben, juega un rol fundamental en la econom\u00eda de 44 localidades del pa\u00eds. Pero, adem\u00e1s, quiero destacar que por primera vez se logr\u00f3 entregar apoyo a todas las regiones de Chile\u00bb.<\/p>\n<p>En esa l\u00ednea, la autoridad afirm\u00f3 que \u00abcomo ministerio sabemos lo significativo que resulta este apoyo para el sector, ya que mejora considerablemente la forma de hacer miner\u00eda, elevando su productividad, con nuevo equipamiento, y tambi\u00e9n en seguridad, con capacitaciones que les entregan herramientas para saber c\u00f3mo actuar ante un eventual accidente\u00bb.<\/p>\n<p>En tanto, el subsecretario de Miner\u00eda, Ricardo Irarr\u00e1zabal, explic\u00f3 que \u00abdurante este a\u00f1o se diversific\u00f3 la cartera de capacitaciones, incluyendo cursos que ser\u00e1n dictados por universidades, apuntando a mejorar la gesti\u00f3n de negocios mineros y los m\u00e9todos de explotaci\u00f3n y desempe\u00f1o en minas\u00bb.<\/p>\n<p>Irarr\u00e1zabal a\u00f1adi\u00f3 que \u00abcon el fin de poder ayudar a peque\u00f1os mineros que nunca hab\u00edan accedido a estos fondos PAMMA, y tambi\u00e9n para velar por la igualdad en los proyectos individuales y asociativos, este a\u00f1o se hicieron algunas modificaciones en las postulaciones, lo que gener\u00f3 que a nivel pa\u00eds se recibieran m\u00e1s de 600 postulaciones para este programa\u00bb.<\/p>\n<p>Las postulaciones para acceder al Programa de Capacitaci\u00f3n y Transferencia Tecnol\u00f3gica para la Peque\u00f1a Miner\u00eda Artesanal se realizaron desde el 8 de mayo y hasta el 21 de junio y tiene como objetivo apoyar el fomento y desarrollo de miner\u00eda met\u00e1lica y no met\u00e1lica, a nivel individual y asociativo.<\/p>\n<\/div>\n<hr \/>\n<p>Portal Minero<\/p>\n","protected":false},"excerpt":{"rendered":"<p><span class='published'>Chile | 2019-08-20<\/span><\/p>\n<p>A trav\u00e9s del Programa PAMMA, el Ministerio de Miner\u00eda, dispondr\u00e1 de equipamientos y capacitaciones para los productores de baja escala, sector que juega un rol fundamental en la econom\u00eda de 44 localidades del pa\u00eds.<\/p>\n","protected":false},"author":7,"featured_media":82713,"comment_status":"open","ping_status":"open","sticky":false,"template":"","format":"standard","meta":{"footnotes":""},"categories":[65],"tags":[],"class_list":["post-82712","post","type-post","status-publish","format-standard","has-post-thumbnail","hentry","category-noticias-principal"],"_links":{"self":[{"href":"http:\/\/200.6.115.193\/wp\/wp-json\/wp\/v2\/posts\/82712","targetHints":{"allow":["GET"]}}],"collection":[{"href":"http:\/\/200.6.115.193\/wp\/wp-json\/wp\/v2\/posts"}],"about":[{"href":"http:\/\/200.6.115.193\/wp\/wp-json\/wp\/v2\/types\/post"}],"author":[{"embeddable":true,"href":"http:\/\/200.6.115.193\/wp\/wp-json\/wp\/v2\/users\/7"}],"replies":[{"embeddable":true,"href":"http:\/\/200.6.115.193\/wp\/wp-json\/wp\/v2\/comments?post=82712"}],"version-history":[{"count":2,"href":"http:\/\/200.6.115.193\/wp\/wp-json\/wp\/v2\/posts\/82712\/revisions"}],"predecessor-version":[{"id":92908,"href":"http:\/\/200.6.115.193\/wp\/wp-json\/wp\/v2\/posts\/82712\/revisions\/92908"}],"wp:featuredmedia":[{"embeddable":true,"href":"http:\/\/200.6.115.193\/wp\/wp-json\/wp\/v2\/media\/82713"}],"wp:attachment":[{"href":"http:\/\/200.6.115.193\/wp\/wp-json\/wp\/v2\/media?parent=82712"}],"wp:term":[{"taxonomy":"category","embeddable":true,"href":"http:\/\/200.6.115.193\/wp\/wp-json\/wp\/v2\/categories?post=82712"},{"taxonomy":"post_tag","embeddable":true,"href":"http:\/\/200.6.115.193\/wp\/wp-json\/wp\/v2\/tags?post=82712"}],"curies":[{"name":"wp","href":"https:\/\/api.w.org\/{rel}","templated":true}]}}