{"id":86252,"date":"2019-10-04T00:00:30","date_gmt":"2019-10-04T00:00:30","guid":{"rendered":"http:\/\/www.portalminero.com\/wp\/mineria-del-litio-nuevos-actores-en-chile-e-inversiones-vecinas\/"},"modified":"2020-01-27T19:26:29","modified_gmt":"2020-01-27T19:26:29","slug":"mineria-del-litio-nuevos-actores-en-chile-e-inversiones-vecinas-2","status":"publish","type":"post","link":"http:\/\/200.6.115.193\/wp\/mineria-del-litio-nuevos-actores-en-chile-e-inversiones-vecinas-2\/","title":{"rendered":"Miner\u00eda del litio: nuevos actores en Chile e inversiones vecinas"},"content":{"rendered":"<h6><em>Chile<\/em><\/h6>\n<p><b>La demanda por litio en el mundo crece de la mano del \u00abboom\u00bb de la electromovilidad, lo que coloca a Chile en una situaci\u00f3n expectante al contar con el 48% de las reservas mundiales de litio. En cuanto a los desaf\u00edos, la industria nacional se plantea avanzar en todos los \u00e1mbitos de la cadena de valor e incrementar la producci\u00f3n de manera sostenible.<\/b><\/p>\n<p><img decoding=\"async\" class=\"imagen-noticia\" src=\"data:image\/gif;base64,R0lGODlhAQABAIAAAAAAAP\/\/\/yH5BAEAAAAALAAAAAABAAEAAAIBRAA7\" data-src=\"https:\/\/pm.portalminero.com\/images\/noticias\/5d95f38a9abcb.JPG\" alt=\"Miner\u00eda del litio: nuevos actores en Chile e inversiones vecinas\" \/><noscript><img decoding=\"async\" class=\"imagen-noticia\" src=\"https:\/\/pm.portalminero.com\/images\/noticias\/5d95f38a9abcb.JPG\" alt=\"Miner\u00eda del litio: nuevos actores en Chile e inversiones vecinas\" \/><\/noscript><\/p>\n<div class=\"texto_prensa\" align=\"justify\">\n<p><strong>jueves 03 de octubre del 2019.-<\/strong>\u00a0Desde hace algunos a\u00f1os que el litio destaca como uno de los metales con mayor crecimiento en cuanto a su demanda en el mundo, producto del aumento de la fabricaci\u00f3n de veh\u00edculos el\u00e9ctricos y las bater\u00edas recargables ion litio que utilizan.<\/p>\n<p>Es en este contexto de auge de la electromovilidad y donde su futuro es m\u00e1s que prometedor, donde Chile se presenta ante el mundo con ventajas significativas para la explotaci\u00f3n de este recurso.<\/p>\n<p>El pa\u00eds cuenta con el 48% de las reservas mundiales de litio y tiene el Salar de Atacama, una de las zonas con mayor potencial y competitividad a nivel mundial, donde se estiman reservas de 7,5 millones de toneladas de litio (40 millones de ton de Carbonato de Litio Equivalente).<\/p>\n<p>\u00abEl crecimiento de la electromovilidad, representa para nuestro pa\u00eds el desaf\u00edo de consolidar su posici\u00f3n y avanzar en la cadena de valor para satisfacer, principalmente al mercado regional\u00bb, afirma Jonathan Castillo, gerente general de Corporaci\u00f3n Alta Ley.<\/p>\n<p>Para el presidente del Instituto de Ingenieros de Minas de Chile (IIMCh), Juan Pablo Gonz\u00e1lez, \u00abChile debe jugar un rol preponderante en materia de electromovilidad, aprovechando un recurso mineral escaso y donde el mercado mundial est\u00e1 evolucionando de manera exponencial cada a\u00f1o\u00bb.<\/p>\n<p><strong>La oferta mundial<\/strong><\/p>\n<p>El \u00faltimo estudio \u00abMercado Internacional del Litio y su Potencial en Chile\u00bb, elaborado por la Comisi\u00f3n Chilena del Cobre (Cochilco), detalla respecto a la oferta mundial del litio que \u00aben 2017 se registr\u00f3 una producci\u00f3n de 234.000 toneladas de carbonato de litio equivalente (LCE), mientras que la demanda alcanz\u00f3 a 221.000 toneladas de acuerdo a cifras del Servicio Geol\u00f3gico de Estados Unidos (USGS)\u00bb.<\/p>\n<\/div>\n<div align=\"justify\"><\/div>\n<div class=\"texto_prensa\" align=\"justify\">\n<p><img loading=\"lazy\" decoding=\"async\" class=\"aligncenter wp-image-86258 size-full\" src=\"data:image\/gif;base64,R0lGODlhAQABAIAAAAAAAP\/\/\/yH5BAEAAAAALAAAAAABAAEAAAIBRAA7\" data-src=\"https:\/\/www.portalminero.com\/wp\/wp-content\/uploads\/2019\/10\/Salar-de-Atacama-II.jpg\" alt=\"\" width=\"960\" height=\"540\" \/><noscript><img loading=\"lazy\" decoding=\"async\" class=\"aligncenter wp-image-86258 size-full\" src=\"https:\/\/www.portalminero.com\/wp\/wp-content\/uploads\/2019\/10\/Salar-de-Atacama-II.jpg\" alt=\"\" width=\"960\" height=\"540\" srcset=\"http:\/\/200.6.115.193\/wp\/wp-content\/uploads\/2019\/10\/Salar-de-Atacama-II.jpg 960w, http:\/\/200.6.115.193\/wp\/wp-content\/uploads\/2019\/10\/Salar-de-Atacama-II-600x338.jpg 600w, http:\/\/200.6.115.193\/wp\/wp-content\/uploads\/2019\/10\/Salar-de-Atacama-II-300x169.jpg 300w, http:\/\/200.6.115.193\/wp\/wp-content\/uploads\/2019\/10\/Salar-de-Atacama-II-768x432.jpg 768w\" sizes=\"auto, (max-width: 960px) 100vw, 960px\" \/><\/noscript><\/p>\n<p>Estas cifras dan cuenta de la relevancia del desarrollo de la industria automotriz en la demanda de litio, la cual solicitar\u00e1 bater\u00edas cada vez m\u00e1s eficientes, econ\u00f3micas y con m\u00e1s capacidad.<\/p>\n<p><strong>Codelco y Minera Salar Blanco<\/strong><\/p>\n<p>Hace algunos d\u00edas se dio a conocer la firma de un acuerdo entre Codelco y Minera Salar Blanco con lo cual se busca estudiar la forma de estructurar un <a href=\"http:\/\/www.portalminero.com\/pages\/viewpage.action?pageId=146017497\">proyecto de litio sustentable<\/a> desde el punto de vista social, ambiental y econ\u00f3mico en el Salar de Maricunga, con miras a poner en marcha una tercera operaci\u00f3n de litio en Chile.<\/p>\n<p>Desde la minera estatal destacaron que \u00abel acuerdo establece que el desarrollo conjunto se enmarcar\u00e1 dentro de las condiciones del Contrato Especial de Operaci\u00f3n de Litio (CEOL) suscrito entre el Ministerio de Miner\u00eda y Salar de Maricunga SpA (filial de Codelco) en cuanto a est\u00e1ndares t\u00e9cnicos, econ\u00f3micos y de gobierno corporativo\u00bb.<\/p>\n<p><strong>Enami y Wealth Minerals<\/strong><\/p>\n<p>En 2018, Enami firm\u00f3 un acuerdo con la compa\u00f1\u00eda canadiense Wealth Minerals que adem\u00e1s, permitir\u00eda a futuro, la comercializaci\u00f3n del mineral no met\u00e1lico mediante encadenamientos productivos.<\/p>\n<p>El acuerdo comprend\u00eda, desarrollar conjuntamente, hasta la etapa de comercializaci\u00f3n, el <a href=\"http:\/\/www.portalminero.com\/display\/pmin\/Proyecto+Litio+Laguna+Verde\">Salar de Laguna Verde<\/a> y las 46.000 hect\u00e1reas del <a href=\"http:\/\/www.portalminero.com\/display\/pmin\/Proyecto+Atacama+Salar\">Salar de Atacama<\/a> que forman parte de dos de las ocho opciones que tiene Wealth en el mismo n\u00famero de salares.<\/p>\n<p>\u00abEse es el camino que deben tomar las empresas del Estado\u00bb, sostuvo entonces, el ministro de Miner\u00eda, Baldo Prokurica.<\/p>\n<p><strong>Opciones de I+D+I<\/strong><\/p>\n<p>La mayor demanda de litio en el mundo que va de la mano de la electromovilidad, tambi\u00e9n entrega la oportunidad de generar I+D+I desde el pa\u00eds.<\/p>\n<p>En ese sentido, el director del Centro de Investigaci\u00f3n Avanzada del Litio y Minerales Industriales (CELiMIN), Mario Grageda, se\u00f1ala que este centro \u00absurge frente a la necesidad de generar conocimiento e impulsar proyectos cient\u00edficos que impacten positivamente en el desarrollo de la miner\u00eda no met\u00e1lica (minerales industriales) en la regi\u00f3n y en el pa\u00eds, teniendo como eje central el recurso del litio\u00bb.<\/p>\n<\/div>\n<div align=\"justify\"><\/div>\n<div class=\"texto_prensa\" align=\"justify\">\n<p><img loading=\"lazy\" decoding=\"async\" class=\"aligncenter wp-image-86255 size-full\" src=\"data:image\/gif;base64,R0lGODlhAQABAIAAAAAAAP\/\/\/yH5BAEAAAAALAAAAAABAAEAAAIBRAA7\" data-src=\"https:\/\/www.portalminero.com\/wp\/wp-content\/uploads\/2019\/10\/Celimin.jpg\" alt=\"\" width=\"869\" height=\"490\" \/><noscript><img loading=\"lazy\" decoding=\"async\" class=\"aligncenter wp-image-86255 size-full\" src=\"https:\/\/www.portalminero.com\/wp\/wp-content\/uploads\/2019\/10\/Celimin.jpg\" alt=\"\" width=\"869\" height=\"490\" srcset=\"http:\/\/200.6.115.193\/wp\/wp-content\/uploads\/2019\/10\/Celimin.jpg 869w, http:\/\/200.6.115.193\/wp\/wp-content\/uploads\/2019\/10\/Celimin-600x338.jpg 600w, http:\/\/200.6.115.193\/wp\/wp-content\/uploads\/2019\/10\/Celimin-300x169.jpg 300w, http:\/\/200.6.115.193\/wp\/wp-content\/uploads\/2019\/10\/Celimin-768x433.jpg 768w\" sizes=\"auto, (max-width: 869px) 100vw, 869px\" \/><\/noscript><\/p>\n<p>El investigador agrega que \u00abel litio es un recurso estrat\u00e9gico que pertenece a Chile, por lo tanto, existe la necesidad de entender la manera de explotarlo, de manera sostenible y sustentable\u00bb. Adem\u00e1s, \u00abes importante formar profesionales especializados en el \u00e1mbito de materiales y el desarrollo de procesos sustentables para incrementar el valor agregado del litio; consolidar la investigaci\u00f3n aplicada a trav\u00e9s de patentamiento y transferencia tecnol\u00f3gica a partir de investigaciones realizadas en el pa\u00eds\u00bb, se\u00f1ala.<\/p>\n<p><strong>Los vecinos<\/strong><\/p>\n<p>Otro de los pa\u00edses que se ha sumado fuertemente a la \u00abrevoluci\u00f3n del litio\u00bb es Argentina. Seg\u00fan datos oficiales de la Secretar\u00eda de Miner\u00eda, se estima que ya hay una inversi\u00f3n de unos US$2.000 millones en el vecino pa\u00eds, en su mayor\u00eda con capitales extranjeros.<\/p>\n<p>Y cu\u00e1les son algunos de los que est\u00e1n con m\u00e1s fuerza:<\/p>\n<p>&#8211;<a href=\"http:\/\/www.portalminero.com\/display\/pmin\/Proyecto+Centenario+-+Ratones\">Proyecto Centenario \u2013 Ratones<\/a><br \/>\n&#8211;<a href=\"http:\/\/www.portalminero.com\/display\/pmin\/Proyecto+Litio+Cauchari+-+Olaroz\">Proyecto Litio Cauchari \u2013 Olaroz<\/a><br \/>\n&#8211;<a href=\"http:\/\/www.portalminero.com\/display\/pmin\/Proyecto+Pastos+Grandes\">Proyecto Pastos Grandes<\/a><br \/>\n&#8211;<a href=\"http:\/\/www.portalminero.com\/pages\/viewpage.action?pageId=159913640\">Proyecto Pozuelos \u2013 Pastos Grandes (PPG Project)<\/a><br \/>\n&#8211;<a href=\"http:\/\/www.portalminero.com\/pages\/viewpage.action?pageId=163480343\">Proyecto R\u00edo Grande<\/a><br \/>\n&#8211;<a href=\"http:\/\/www.portalminero.com\/display\/pmin\/Proyecto+Tres+Quebradas+3Q\">Proyecto Tres Quebradas 3Q<\/a><br \/>\n&#8211;<a href=\"http:\/\/www.portalminero.com\/display\/pmin\/Sales+de+Vida+de+Litio+y+Potasio\">Sales de Vida de Litio y Potasio<\/a><\/p>\n<p>En tanto, Per\u00fa es otro de los pa\u00edses que busca sumarse a la exploraci\u00f3n y explotaci\u00f3n de sus recursos en litio, es as\u00ed como tiene dos proyectos en curso. Se trata del <a href=\"http:\/\/www.portalminero.com\/display\/pmin\/Proyecto+Falchani\">Proyecto Falchani<\/a> y <a href=\"http:\/\/www.portalminero.com\/display\/pmin\/Proyecto+Macusani\">Proyecto Macusani<\/a>, ambos en la regi\u00f3n de Puno.<\/p>\n<p><strong>Retos<\/strong><\/p>\n<p>No cabe duda que la miner\u00eda es la industria m\u00e1s relevante para Chile. Pero tal posici\u00f3n tambi\u00e9n involucra una serie de retos que ha debido superar con el paso de los a\u00f1os.<\/p>\n<p>En el caso de la miner\u00eda del litio, se plantea un desaf\u00edo de avanzar en todos los \u00e1mbitos de la cadena de valor e incrementar la producci\u00f3n de manera sostenible donde el Estado asegure un impacto m\u00ednimo sobre el medio ambiente. A lo anterior, se suma que las empresas productoras asuman un posible costo de operaci\u00f3n adicional que les permita avanzar hacia una industria sostenible ambiental y t\u00e9cnicamente.<\/p>\n<\/div>\n<div align=\"justify\"><\/div>\n<div align=\"justify\"><\/div>\n<div class=\"texto_prensa\" align=\"justify\">\n<p><img loading=\"lazy\" decoding=\"async\" class=\"aligncenter wp-image-86257 size-full\" src=\"data:image\/gif;base64,R0lGODlhAQABAIAAAAAAAP\/\/\/yH5BAEAAAAALAAAAAABAAEAAAIBRAA7\" data-src=\"https:\/\/www.portalminero.com\/wp\/wp-content\/uploads\/2019\/10\/Litio-V.jpg\" alt=\"\" width=\"800\" height=\"500\" \/><noscript><img loading=\"lazy\" decoding=\"async\" class=\"aligncenter wp-image-86257 size-full\" src=\"https:\/\/www.portalminero.com\/wp\/wp-content\/uploads\/2019\/10\/Litio-V.jpg\" alt=\"\" width=\"800\" height=\"500\" srcset=\"http:\/\/200.6.115.193\/wp\/wp-content\/uploads\/2019\/10\/Litio-V.jpg 800w, http:\/\/200.6.115.193\/wp\/wp-content\/uploads\/2019\/10\/Litio-V-600x375.jpg 600w, http:\/\/200.6.115.193\/wp\/wp-content\/uploads\/2019\/10\/Litio-V-300x188.jpg 300w, http:\/\/200.6.115.193\/wp\/wp-content\/uploads\/2019\/10\/Litio-V-768x480.jpg 768w, http:\/\/200.6.115.193\/wp\/wp-content\/uploads\/2019\/10\/Litio-V-400x250.jpg 400w\" sizes=\"auto, (max-width: 800px) 100vw, 800px\" \/><\/noscript><\/p>\n<p>\u00abPara lograr esto, se hace necesario la colaboraci\u00f3n conjunta entre el Estado y la industria privada, con un rol activo del sector p\u00fablico, para avanzar en agregar valor en la producci\u00f3n de litio\u00bb, explica Jonathan Castillo, gerente general de Corporaci\u00f3n Alta Ley.<\/p>\n<p>Para Juan Pablo Gonz\u00e1lez, presidente del IIMCh \u00abel desaf\u00edo futuro para Chile respecto al negocio del litio, es aprovechar la oportunidad de integraci\u00f3n vertical y avanzar en el siguiente eslab\u00f3n de la cadena del valor del litio. Chile debe subir al carro del desarrollo, porque es due\u00f1o de un mineral estrat\u00e9gico\u00bb.<\/p>\n<\/div>\n<hr \/>\n<p>Portal Minero<\/p>\n","protected":false},"excerpt":{"rendered":"<p><span class='published'>Chile | 2019-10-03<\/span><\/p>\n<p>La demanda por litio en el mundo crece de la mano del \u00abboom\u00bb de la electromovilidad, lo que coloca a Chile en una situaci\u00f3n expectante al contar con el 48% de las reservas mundiales de litio. En cuanto a los desaf\u00edos, la industria nacional se plantea avanzar en todos los \u00e1mbitos de la cadena de valor e incrementar la producci\u00f3n de manera sostenible.<\/p>\n","protected":false},"author":7,"featured_media":86253,"comment_status":"open","ping_status":"open","sticky":false,"template":"","format":"standard","meta":{"footnotes":""},"categories":[65],"tags":[],"class_list":["post-86252","post","type-post","status-publish","format-standard","has-post-thumbnail","hentry","category-noticias-principal"],"_links":{"self":[{"href":"http:\/\/200.6.115.193\/wp\/wp-json\/wp\/v2\/posts\/86252","targetHints":{"allow":["GET"]}}],"collection":[{"href":"http:\/\/200.6.115.193\/wp\/wp-json\/wp\/v2\/posts"}],"about":[{"href":"http:\/\/200.6.115.193\/wp\/wp-json\/wp\/v2\/types\/post"}],"author":[{"embeddable":true,"href":"http:\/\/200.6.115.193\/wp\/wp-json\/wp\/v2\/users\/7"}],"replies":[{"embeddable":true,"href":"http:\/\/200.6.115.193\/wp\/wp-json\/wp\/v2\/comments?post=86252"}],"version-history":[{"count":3,"href":"http:\/\/200.6.115.193\/wp\/wp-json\/wp\/v2\/posts\/86252\/revisions"}],"predecessor-version":[{"id":91740,"href":"http:\/\/200.6.115.193\/wp\/wp-json\/wp\/v2\/posts\/86252\/revisions\/91740"}],"wp:featuredmedia":[{"embeddable":true,"href":"http:\/\/200.6.115.193\/wp\/wp-json\/wp\/v2\/media\/86253"}],"wp:attachment":[{"href":"http:\/\/200.6.115.193\/wp\/wp-json\/wp\/v2\/media?parent=86252"}],"wp:term":[{"taxonomy":"category","embeddable":true,"href":"http:\/\/200.6.115.193\/wp\/wp-json\/wp\/v2\/categories?post=86252"},{"taxonomy":"post_tag","embeddable":true,"href":"http:\/\/200.6.115.193\/wp\/wp-json\/wp\/v2\/tags?post=86252"}],"curies":[{"name":"wp","href":"https:\/\/api.w.org\/{rel}","templated":true}]}}