{"id":86911,"date":"2019-10-21T00:00:30","date_gmt":"2019-10-21T00:00:30","guid":{"rendered":"http:\/\/www.portalminero.com\/wp\/ministro-sostendra-hoy-reunion-con-representantes-de-la-industria-para-analizar-efectos-de-las-movilizaciones-en-la-mineria\/"},"modified":"2020-01-27T12:56:53","modified_gmt":"2020-01-27T12:56:53","slug":"ministro-sostendra-hoy-reunion-con-representantes-de-la-industria-para-analizar-efectos-de-las-movilizaciones-en-la-mineria","status":"publish","type":"post","link":"http:\/\/200.6.115.193\/wp\/ministro-sostendra-hoy-reunion-con-representantes-de-la-industria-para-analizar-efectos-de-las-movilizaciones-en-la-mineria\/","title":{"rendered":"Ministro sostendr\u00e1 hoy reuni\u00f3n con representantes de la industria para analizar efectos de las movilizaciones en la miner\u00eda"},"content":{"rendered":"<h6><em>Chile<\/em><\/h6>\n<p><b>\u00abTanto las empresas del Estado como en las empresas privadas, y tambi\u00e9n las distintas fundiciones funcionan con normalidad hasta el momento\u00bb, indic\u00f3 el titular de Miner\u00eda.<\/b><\/p>\n<p><img decoding=\"async\" class=\"imagen-noticia\" src=\"data:image\/gif;base64,R0lGODlhAQABAIAAAAAAAP\/\/\/yH5BAEAAAAALAAAAAABAAEAAAIBRAA7\" data-src=\"https:\/\/pm.portalminero.com\/images\/noticias\/5dadb5d9c39e6.jpg\" alt=\"Ministro sostendr\u00e1 hoy reuni\u00f3n con representantes de la industria para analizar efectos de las movilizaciones en la miner\u00eda\" \/><noscript><img decoding=\"async\" class=\"imagen-noticia\" src=\"https:\/\/pm.portalminero.com\/images\/noticias\/5dadb5d9c39e6.jpg\" alt=\"Ministro sostendr\u00e1 hoy reuni\u00f3n con representantes de la industria para analizar efectos de las movilizaciones en la miner\u00eda\" \/><\/noscript><\/p>\n<div class=\"texto_prensa\" align=\"justify\"><strong>lunes 21 de octubre del 2019.-<\/strong>\u00a0Al mediod\u00eda de este lunes el ministro de Miner\u00eda, Baldo Prokurica, se reunir\u00e1 con representantes de la industria en la sede de la Cartera, para analizar los efectos que ha tenido en la miner\u00eda, este fin de semana de movilizaciones en todo el pa\u00eds.<\/p>\n<p>En cuanto al funcionamiento de la industria a nivel nacional, el titular de Miner\u00eda, afirm\u00f3 ayer que \u00ablas faenas de la miner\u00eda a nivel nacional est\u00e1n funcionando normal, tanto las empresas del Estado como en las empresas privadas, y tambi\u00e9n las distintas fundiciones\u00bb.<\/p>\n<p>\u00abLo que ha habido, de cierta manera, son medidas por la falta de locomoci\u00f3n para las personas que trabajan en los turnos, pero en el resto s\u00f3lo unas medidas excepcionales para poder resguardar el buen funcionamiento de las faenas\u00bb, a\u00f1adi\u00f3.<\/p>\n<p>Junto con lo anterior, Prokurica destac\u00f3 que \u00abno se han reportado ning\u00fan tipo de atentados, por el contrario, ha habido un funcionamiento totalmente normal\u00bb.<\/p><\/div>\n<hr \/>\n<p>Portal Minero<\/p>\n","protected":false},"excerpt":{"rendered":"<p><span class='published'>Chile | 2019-10-21<\/span><\/p>\n<p>\u00abTanto las empresas del Estado como en las empresas privadas, y tambi\u00e9n las distintas fundiciones funcionan con normalidad hasta el momento\u201d, indic\u00f3 el titular de Miner\u00eda.<\/p>\n","protected":false},"author":7,"featured_media":86912,"comment_status":"open","ping_status":"open","sticky":false,"template":"","format":"standard","meta":{"footnotes":""},"categories":[65],"tags":[],"class_list":["post-86911","post","type-post","status-publish","format-standard","has-post-thumbnail","hentry","category-noticias-principal"],"_links":{"self":[{"href":"http:\/\/200.6.115.193\/wp\/wp-json\/wp\/v2\/posts\/86911","targetHints":{"allow":["GET"]}}],"collection":[{"href":"http:\/\/200.6.115.193\/wp\/wp-json\/wp\/v2\/posts"}],"about":[{"href":"http:\/\/200.6.115.193\/wp\/wp-json\/wp\/v2\/types\/post"}],"author":[{"embeddable":true,"href":"http:\/\/200.6.115.193\/wp\/wp-json\/wp\/v2\/users\/7"}],"replies":[{"embeddable":true,"href":"http:\/\/200.6.115.193\/wp\/wp-json\/wp\/v2\/comments?post=86911"}],"version-history":[{"count":2,"href":"http:\/\/200.6.115.193\/wp\/wp-json\/wp\/v2\/posts\/86911\/revisions"}],"predecessor-version":[{"id":91435,"href":"http:\/\/200.6.115.193\/wp\/wp-json\/wp\/v2\/posts\/86911\/revisions\/91435"}],"wp:featuredmedia":[{"embeddable":true,"href":"http:\/\/200.6.115.193\/wp\/wp-json\/wp\/v2\/media\/86912"}],"wp:attachment":[{"href":"http:\/\/200.6.115.193\/wp\/wp-json\/wp\/v2\/media?parent=86911"}],"wp:term":[{"taxonomy":"category","embeddable":true,"href":"http:\/\/200.6.115.193\/wp\/wp-json\/wp\/v2\/categories?post=86911"},{"taxonomy":"post_tag","embeddable":true,"href":"http:\/\/200.6.115.193\/wp\/wp-json\/wp\/v2\/tags?post=86911"}],"curies":[{"name":"wp","href":"https:\/\/api.w.org\/{rel}","templated":true}]}}