{"id":87935,"date":"2019-11-25T00:00:30","date_gmt":"2019-11-25T00:00:30","guid":{"rendered":"http:\/\/www.portalminero.com\/wp\/cambio-climatico-y-crisis-social-fueron-los-grandes-temas-abordados-en-el-seminario-de-acera-sonando-energia\/"},"modified":"2020-01-23T13:59:38","modified_gmt":"2020-01-23T13:59:38","slug":"cambio-climatico-y-crisis-social-fueron-los-grandes-temas-abordados-en-el-seminario-de-acera-sonando-energia","status":"publish","type":"post","link":"http:\/\/200.6.115.193\/wp\/cambio-climatico-y-crisis-social-fueron-los-grandes-temas-abordados-en-el-seminario-de-acera-sonando-energia\/","title":{"rendered":"Cambio clim\u00e1tico y crisis social fueron los grandes temas abordados en el Seminario de ACERA \u00abSo\u00f1ando Energ\u00eda\u00bb"},"content":{"rendered":"<h6><em>Chile<\/em><\/h6>\n<p><b>El evento puso \u00e9nfasis en el contexto nacional que estamos viviendo y en c\u00f3mo la crisis clim\u00e1tica se entrelaza con las demandas actuales de la ciudadan\u00eda.<\/b><\/p>\n<p><img decoding=\"async\" class=\"imagen-noticia\" src=\"data:image\/gif;base64,R0lGODlhAQABAIAAAAAAAP\/\/\/yH5BAEAAAAALAAAAAABAAEAAAIBRAA7\" data-src=\"https:\/\/pm.portalminero.com\/images\/noticias\/5ddbc71d5be03.jpg\" \/><noscript><img decoding=\"async\" class=\"imagen-noticia\" src=\"https:\/\/pm.portalminero.com\/images\/noticias\/5ddbc71d5be03.jpg\" \/><\/noscript><\/p>\n<div class=\"texto_prensa\" align=\"justify\"><strong>lunes 25 de noviembre del 2019.-<\/strong>\u00a0En el Hotel Best Western se realiz\u00f3 el Seminario \u00abSo\u00f1ando Energ\u00eda: De la ilusi\u00f3n a la pr\u00e1ctica\u00bb, a trav\u00e9s del cual se realiz\u00f3 el cierre de la campa\u00f1a #So\u00f1emosEnerg\u00eda2030 que desarroll\u00f3 la Asociaci\u00f3n Chilena de Energ\u00edas Renovables y Almacenamiento, ACERA AG., en el marco de la COP25.<\/p>\n<p>La jornada comenz\u00f3 con la participaci\u00f3n del Ministro de Energ\u00eda, Juan Carlos Jobet, quien valor\u00f3 que ACERA siguiera adelante con esta actividad a pesar de la cancelaci\u00f3n de la cumbre clim\u00e1tica COP25 en Chile y la situaci\u00f3n social que atraviesa el pa\u00eds. \u00abA primera vista, puede parecer dif\u00edcil hablar de la COP y el cambio clim\u00e1tico en este contexto. Despu\u00e9s que el gobierno tom\u00f3 la decisi\u00f3n de no realizar el evento en Santiago, y de que Espa\u00f1a ofreciera hacerla en Madrid, en alguna parte queda la sensaci\u00f3n de que el problema del calentamiento global se fue lejos, casi desapareci\u00f3. Y pareciera que hablar de cambio clim\u00e1tico no estuviera en sinton\u00eda con lo que pasa hoy en Chile. Yo pienso que no, porque detr\u00e1s de la agenda de cambio clim\u00e1tico est\u00e1n en juego muchos de los dilemas y desaf\u00edos que esta crisis puso de manifiesto\u00bb.<\/p>\n<p>Por su parte, el presidente de ACERA, Jos\u00e9 Ignacio Escobar, hizo un llamado importante al ejecutivo con respecto al gravamen. \u00abNecesitamos que se sume urgente a la modificaci\u00f3n del impuesto verde que actualmente no genera ning\u00fan incentivo para descontaminar. Debemos gravar a quienes contaminan y permitir que el despacho de las centrales reconozca la variable ambiental en el orden de m\u00e9rito. No queremos pagar m\u00e1s impuestos, queremos contaminar menos\u00bb, se\u00f1al\u00f3.<\/p>\n<p>En tanto, Gonzalo Mu\u00f1oz, Champion de la COP25 y Co-Fundador de Triciclos, reflexion\u00f3 acerca de c\u00f3mo hemos entendido el modelo de desarrollo. \u00abLa crisis clim\u00e1tica, al igual que muchos aspectos de la crisis social, tiene que ver con c\u00f3mo hemos abordado ciertas dimensiones de \u00e9xito, muchas veces desestimando otras, sin embargo, est\u00e1n totalmente vinculados y en este caso todo lo que tiene que ver con la acci\u00f3n clim\u00e1tica debiera adquirir una fuerza adicional para que logre conectarse con las demandas ciudadanas y todos los aspectos vinculados a la crisis social\u00bb, manifest\u00f3.<\/p>\n<p>El cierre de la jornada que cont\u00f3 con un aproximado de 260 asistentes, estuvo en manos del panel \u00abCruzando visiones: La ambici\u00f3n energ\u00e9tica desde la vereda del frente\u00bb, moderado por la periodista Mar\u00eda Elena Dressel y cont\u00f3 con la participaci\u00f3n del diputado Sebasti\u00e1n \u00c1lvarez, la directora ejecutiva de Chile Sustentable, Sara Larra\u00edn; Macarena Mella de la Agrupaci\u00f3n Tremendas, el presidente ejecutivo de Generadoras de Chile, Claudio Seebach, la vocera de Fridays For Future Santiago, \u00c1ngela Valenzuela, y el presidente ejecutivo del Consejo Minero, Joaqu\u00edn Villarino.<\/p>\n<p>Con este Seminario se dio por terminada la Campa\u00f1a #So\u00f1emosEnerg\u00eda2030, en donde se invit\u00f3 a 30 actores, de distintos sectores y miradas, a so\u00f1ar con un Chile libre de contaminaci\u00f3n y con emisiones netas cero.<\/p>\n<p>De esta forma, se mostr\u00f3 a los asistentes un video recopilatorio con todos los sue\u00f1os de los participantes, para luego entregarles un reconocimiento a todos ellos que inclu\u00eda el c\u00f3digo QR para descargar el libro digital \u00ab30 sue\u00f1os para el 2030\u00bb, con todos los sue\u00f1os por escrito.<\/p><\/div>\n<hr \/>\n<p>Portal Minero<\/p>\n","protected":false},"excerpt":{"rendered":"<p><span class='published'>Chile | 2019-11-25<\/span><\/p>\n<p>El evento puso \u00e9nfasis en el contexto nacional que estamos viviendo y en c\u00f3mo la crisis clim\u00e1tica se entrelaza con las demandas actuales de la ciudadan\u00eda.<\/p>\n","protected":false},"author":7,"featured_media":87936,"comment_status":"open","ping_status":"open","sticky":false,"template":"","format":"standard","meta":{"footnotes":""},"categories":[65],"tags":[],"class_list":["post-87935","post","type-post","status-publish","format-standard","has-post-thumbnail","hentry","category-noticias-principal"],"_links":{"self":[{"href":"http:\/\/200.6.115.193\/wp\/wp-json\/wp\/v2\/posts\/87935","targetHints":{"allow":["GET"]}}],"collection":[{"href":"http:\/\/200.6.115.193\/wp\/wp-json\/wp\/v2\/posts"}],"about":[{"href":"http:\/\/200.6.115.193\/wp\/wp-json\/wp\/v2\/types\/post"}],"author":[{"embeddable":true,"href":"http:\/\/200.6.115.193\/wp\/wp-json\/wp\/v2\/users\/7"}],"replies":[{"embeddable":true,"href":"http:\/\/200.6.115.193\/wp\/wp-json\/wp\/v2\/comments?post=87935"}],"version-history":[{"count":3,"href":"http:\/\/200.6.115.193\/wp\/wp-json\/wp\/v2\/posts\/87935\/revisions"}],"predecessor-version":[{"id":90697,"href":"http:\/\/200.6.115.193\/wp\/wp-json\/wp\/v2\/posts\/87935\/revisions\/90697"}],"wp:featuredmedia":[{"embeddable":true,"href":"http:\/\/200.6.115.193\/wp\/wp-json\/wp\/v2\/media\/87936"}],"wp:attachment":[{"href":"http:\/\/200.6.115.193\/wp\/wp-json\/wp\/v2\/media?parent=87935"}],"wp:term":[{"taxonomy":"category","embeddable":true,"href":"http:\/\/200.6.115.193\/wp\/wp-json\/wp\/v2\/categories?post=87935"},{"taxonomy":"post_tag","embeddable":true,"href":"http:\/\/200.6.115.193\/wp\/wp-json\/wp\/v2\/tags?post=87935"}],"curies":[{"name":"wp","href":"https:\/\/api.w.org\/{rel}","templated":true}]}}